{"id":255017,"date":"2015-03-13T11:01:40","date_gmt":"2015-03-13T11:01:40","guid":{"rendered":"http:\/\/diariodominicano.ddns.net\/?p=255017"},"modified":"2015-03-13T11:01:40","modified_gmt":"2015-03-13T11:01:40","slug":"registran-ocho-asesinatos-en-doce-horas-en-puerto-rico","status":"publish","type":"post","link":"https:\/\/diariodominicano.com\/?p=255017","title":{"rendered":"Registran ocho asesinatos en doce horas en Puerto Rico"},"content":{"rendered":"<p><body><\/p>\n<p>San Juan, Puerto Rico 13 marzo.- Ocho asesinatos se registraron en Puerto Rico entre la tarde del mi\u00e9rcoles y la madrugada de hoy, en un lapso de tan s\u00f3lo doce horas, seg\u00fan confirm\u00f3 la Polic\u00eda de la isla.<\/p>\n<\/p>\n<p> El primero de los incidentes se detect\u00f3 a las 17.00 hora local (21.00 GMT) del mi\u00e9rcoles, cuando las autoridades encontraron el cuerpo de un hombre acribillado de entre 25 y 30 a\u00f1os sobre el pavimento en una calle de la capital puertorrique\u00f1a.<\/p>\n<\/p>\n<p> Unas horas m\u00e1s tarde, las autoridades locales informaron de un doble asesinato en la Avenida Fern\u00e1ndez Juncos en el c\u00e9ntrico sector sanjuanero de Santurce. La Polic\u00eda encontr\u00f3 dos pistolas en el lugar.<\/p>\n<\/p>\n<p> El cuarto crimen se registr\u00f3 el mi\u00e9rcoles a las 23.20 (03.20 GMT) cuando las autoridades fueron alertadas de un veh\u00edculo que se estaba incendiando en Yabucoa, municipio al sureste de la isla, y tras extinguir el incendio, encontraron el cuerpo de una persona con disparos que a\u00fan no ha sido identificado.<\/p>\n<\/p>\n<p> Un segundo doble asesinato ocurri\u00f3 a las 12.26 hora local (04.26 GMT) del jueves en Bayam\u00f3n, municipio aleda\u00f1o a San Juan, cuando dos hombres, ambos de entre 20 y 25 a\u00f1os de edad, fueron acribillados mientras cenaban dentro de un autom\u00f3vil.<\/p>\n<\/p>\n<p> Una llamada hecha al sistema de emergencias 911 alert\u00f3 sobre varias personas heridas en el lugar, pero al llegar las autoridades ambos hombres ya hab\u00edan fallecido.<\/p>\n<\/p>\n<p> Adem\u00e1s, a las 01.44 hora local dos hombres fueron asesinados por desconocidos en el residencial p\u00fablico (barriada popular) La Lorenzana de San Lorenzo, ciudad al sureste de Puerto Rico.<\/p>\n<\/p>\n<p> All\u00ed, hirieron de bala a cuatro personas y una de ellas muri\u00f3 en el lugar de los hechos. Otra, de 25 a\u00f1os, falleci\u00f3 en el hospital al que fue trasladado.<\/p>\n<\/p>\n<p> Estos cr\u00edmenes elevan a 103 el total de asesinatos en Puerto Rico registrados en lo que va de a\u00f1o, 31 menos que en el mismo periodo de 2014, seg\u00fan apunt\u00f3 la Polic\u00eda.<\/p>\n<h6> 2015-03-13 11:01:40 <\/h6>\n<p><!--\n<link rel=\"stylesheet\" href=\"css\/bootstrap.min.css\">\n\n\n<ul class=\"pagination\">\n\t    \n\t\n\n<li >\n\t<a href='?page_no=24661'>Previous<\/a>\n\t<\/li>\n\n\n       \n    \n\n<li><a href='?page_no=1'>1<\/a><\/li>\n\n\n\n<li><a href='?page_no=2'>2<\/a><\/li>\n\n\n\n<li><a>...<\/a><\/li>\n\n\n\n<li><a href='?page_no=24660'>24660<\/a><\/li>\n\n\n\n<li><a href='?page_no=24661'>24661<\/a><\/li>\n\n\n\n<li class='active'><a>24662<\/a><\/li>\n\n\n\n<li><a href='?page_no=24663'>24663<\/a><\/li>\n\n\n\n<li><a href='?page_no=24664'>24664<\/a><\/li>\n\n\n\n<li><a>...<\/a><\/li>\n\n\n\n<li><a href='?page_no=51012'>51012<\/a><\/li>\n\n\n\n<li><a href='?page_no=51013'>51013<\/a><\/li>\n\n    \n\t\n\n<li >\n\t<a href='?page_no=24663'>Next<\/a>\n\t<\/li>\n\n\n    \n\n<li><a href='?page_no=51013'>Last &rsaquo;&rsaquo;<\/a><\/li>\n\n<\/ul>\n\n\n--><br \/>\n<\/body><\/p>\n","protected":false},"excerpt":{"rendered":"<p>San Juan, Puerto Rico 13 marzo.- Ocho asesinatos se registraron en Puerto Rico entre la tarde del mi\u00e9rcoles y la madrugada de hoy, en un lapso de tan s\u00f3lo doce horas, seg\u00fan confirm\u00f3 la Polic\u00eda de la isla. El primero de los incidentes se detect\u00f3 a las 17.00 hora local (21.00 GMT) del mi\u00e9rcoles, cuando [&hellip;]<\/p>\n","protected":false},"author":3,"featured_media":0,"comment_status":"open","ping_status":"open","sticky":false,"template":"","format":"standard","meta":{"footnotes":""},"categories":[23],"tags":[],"class_list":["post-255017","post","type-post","status-publish","format-standard","hentry","category-internacional"],"_links":{"self":[{"href":"https:\/\/diariodominicano.com\/index.php?rest_route=\/wp\/v2\/posts\/255017","targetHints":{"allow":["GET"]}}],"collection":[{"href":"https:\/\/diariodominicano.com\/index.php?rest_route=\/wp\/v2\/posts"}],"about":[{"href":"https:\/\/diariodominicano.com\/index.php?rest_route=\/wp\/v2\/types\/post"}],"author":[{"embeddable":true,"href":"https:\/\/diariodominicano.com\/index.php?rest_route=\/wp\/v2\/users\/3"}],"replies":[{"embeddable":true,"href":"https:\/\/diariodominicano.com\/index.php?rest_route=%2Fwp%2Fv2%2Fcomments&post=255017"}],"version-history":[{"count":0,"href":"https:\/\/diariodominicano.com\/index.php?rest_route=\/wp\/v2\/posts\/255017\/revisions"}],"wp:attachment":[{"href":"https:\/\/diariodominicano.com\/index.php?rest_route=%2Fwp%2Fv2%2Fmedia&parent=255017"}],"wp:term":[{"taxonomy":"category","embeddable":true,"href":"https:\/\/diariodominicano.com\/index.php?rest_route=%2Fwp%2Fv2%2Fcategories&post=255017"},{"taxonomy":"post_tag","embeddable":true,"href":"https:\/\/diariodominicano.com\/index.php?rest_route=%2Fwp%2Fv2%2Ftags&post=255017"}],"curies":[{"name":"wp","href":"https:\/\/api.w.org\/{rel}","templated":true}]}}