{"id":255014,"date":"2015-03-13T14:04:17","date_gmt":"2015-03-13T14:04:17","guid":{"rendered":"http:\/\/diariodominicano.ddns.net\/?p=255014"},"modified":"2015-03-13T14:04:17","modified_gmt":"2015-03-13T14:04:17","slug":"bolivia-pide-cesar-bloqueo-a-cuba-antes-de-cumbre-de-las-americas","status":"publish","type":"post","link":"https:\/\/diariodominicano.com\/?p=255014","title":{"rendered":"&#13;&#13;&#13;Bolivia pide cesar bloqueo a Cuba antes de Cumbre de las Am\u00e9ricas"},"content":{"rendered":"<p><body><\/p>\n<p><img decoding=\"async\" src=\"img3\/evo-morales.jpg\" \/>  <\/p>\n<p><span class=\"text1noticias\">\t\t<\/span><\/p>\n<p><span class=\"text1noticias\">  <\/span><\/p>\n<\/p>\n<p><span class=\"text1noticias\">La Paz, 13 mar (PL) El presidente de Bolivia, Evo Morales, pidi\u00f3 hoy a Estados Unidos levantar el bloqueo econ\u00f3mico, financiero y comercial impuesto a Cuba antes de la Cumbre las Am\u00e9ricas que se celebrar\u00e1 en abril en Panam\u00e1.<\/span><\/p>\n<\/p>\n<p><span class=\"text1noticias\">A juicio del gobernante ind\u00edgena, ser\u00eda una buena se\u00f1al que su hom\u00f3logo norteamericano, Barack Obama, llegue a la cita internacional con la suspensi\u00f3n de esa pol\u00edtica hostil, a la cual consider\u00f3 una violaci\u00f3n de los derechos colectivos de un pa\u00eds.<\/span><\/p>\n<\/p>\n<p><span class=\"text1noticias\">En ese punto se refiri\u00f3 a las acusaciones de Washington contra las autoridades de Caracas por la supuesta vulneraci\u00f3n de las garant\u00edas constitucionales durante las manifestaciones de 2014, en las cuales hubo 43 muertos y m\u00e1s de 800 heridos.<\/span><\/p>\n<\/p>\n<p><span class=\"text1noticias\">\u00abSe dice que en Venezuela no se respetan los derechos humanos, pero el bloqueo econ\u00f3mico tambi\u00e9n viola un derecho\u00bb, asever\u00f3 Morales en conferencia de prensa en el central departamento de Cochabamba.<\/span><\/p>\n<\/p>\n<p><span class=\"text1noticias\">El mandatario tambi\u00e9n exigi\u00f3 a la Casa Blanca excusarse con la Rep\u00fablica Bolivariana por declararla una amenaza para la seguridad nacional y la pol\u00edtica exterior de Estados Unidos.<\/span><\/p>\n<\/p>\n<p><span class=\"text1noticias\">\u00abSi Obama no quiere encontrarse con la horma de sus zapatos, antes de la Cumbre de las Am\u00e9ricas que pida perd\u00f3n a Am\u00e9rica Latina y en especial a Venezuela\u00bb, dijo.<\/span><\/p>\n<\/p>\n<p><span class=\"text1noticias\">Morales lament\u00f3 la actitud del presidente norteamericano y advirti\u00f3 que se debe respetar la dignidad de los pueblos pues se acab\u00f3 el tutelaje desde arriba y ya no se vive tiempos de la colonia.<\/span><\/p>\n<\/p>\n<p><span class=\"text1noticias\">El gobernante abog\u00f3 por un debate p\u00fablico en la Cumbre de las Am\u00e9ricas sobre la ofensiva contra Venezuela.<\/span><\/p>\n<\/p>\n<p><span class=\"text1noticias\">Adem\u00e1s de declarar al gobierno de Caracas una amenaza, Obama anunci\u00f3 nuevas sanciones contra siete funcionarios por supuestas violaciones de derechos humanos, congel\u00f3 sus bienes y restringi\u00f3 las visas<\/span><\/p>\n<\/p>\n<h6> 2015-03-13 14:04:17 <\/h6>\n<p><!--\n<link rel=\"stylesheet\" href=\"css\/bootstrap.min.css\">\n\n\n<ul class=\"pagination\">\n\t    \n\t\n\n<li >\n\t<a href='?page_no=24658'>Previous<\/a>\n\t<\/li>\n\n\n       \n    \n\n<li><a href='?page_no=1'>1<\/a><\/li>\n\n\n\n<li><a href='?page_no=2'>2<\/a><\/li>\n\n\n\n<li><a>...<\/a><\/li>\n\n\n\n<li><a href='?page_no=24657'>24657<\/a><\/li>\n\n\n\n<li><a href='?page_no=24658'>24658<\/a><\/li>\n\n\n\n<li class='active'><a>24659<\/a><\/li>\n\n\n\n<li><a href='?page_no=24660'>24660<\/a><\/li>\n\n\n\n<li><a href='?page_no=24661'>24661<\/a><\/li>\n\n\n\n<li><a>...<\/a><\/li>\n\n\n\n<li><a href='?page_no=51012'>51012<\/a><\/li>\n\n\n\n<li><a href='?page_no=51013'>51013<\/a><\/li>\n\n    \n\t\n\n<li >\n\t<a href='?page_no=24660'>Next<\/a>\n\t<\/li>\n\n\n    \n\n<li><a href='?page_no=51013'>Last &rsaquo;&rsaquo;<\/a><\/li>\n\n<\/ul>\n\n\n--><br \/>\n<\/body><\/p>\n","protected":false},"excerpt":{"rendered":"<p>La Paz, 13 mar (PL) El presidente de Bolivia, Evo Morales, pidi\u00f3 hoy a Estados Unidos levantar el bloqueo econ\u00f3mico, financiero y comercial impuesto a Cuba antes de la Cumbre las Am\u00e9ricas que se celebrar\u00e1 en abril en Panam\u00e1. A juicio del gobernante ind\u00edgena, ser\u00eda una buena se\u00f1al que su hom\u00f3logo norteamericano, Barack Obama, llegue [&hellip;]<\/p>\n","protected":false},"author":3,"featured_media":0,"comment_status":"open","ping_status":"open","sticky":false,"template":"","format":"standard","meta":{"footnotes":""},"categories":[23],"tags":[],"class_list":["post-255014","post","type-post","status-publish","format-standard","hentry","category-internacional"],"_links":{"self":[{"href":"https:\/\/diariodominicano.com\/index.php?rest_route=\/wp\/v2\/posts\/255014","targetHints":{"allow":["GET"]}}],"collection":[{"href":"https:\/\/diariodominicano.com\/index.php?rest_route=\/wp\/v2\/posts"}],"about":[{"href":"https:\/\/diariodominicano.com\/index.php?rest_route=\/wp\/v2\/types\/post"}],"author":[{"embeddable":true,"href":"https:\/\/diariodominicano.com\/index.php?rest_route=\/wp\/v2\/users\/3"}],"replies":[{"embeddable":true,"href":"https:\/\/diariodominicano.com\/index.php?rest_route=%2Fwp%2Fv2%2Fcomments&post=255014"}],"version-history":[{"count":0,"href":"https:\/\/diariodominicano.com\/index.php?rest_route=\/wp\/v2\/posts\/255014\/revisions"}],"wp:attachment":[{"href":"https:\/\/diariodominicano.com\/index.php?rest_route=%2Fwp%2Fv2%2Fmedia&parent=255014"}],"wp:term":[{"taxonomy":"category","embeddable":true,"href":"https:\/\/diariodominicano.com\/index.php?rest_route=%2Fwp%2Fv2%2Fcategories&post=255014"},{"taxonomy":"post_tag","embeddable":true,"href":"https:\/\/diariodominicano.com\/index.php?rest_route=%2Fwp%2Fv2%2Ftags&post=255014"}],"curies":[{"name":"wp","href":"https:\/\/api.w.org\/{rel}","templated":true}]}}