{"id":255013,"date":"2015-03-13T14:09:14","date_gmt":"2015-03-13T14:09:14","guid":{"rendered":"http:\/\/diariodominicano.ddns.net\/?p=255013"},"modified":"2015-03-13T14:09:14","modified_gmt":"2015-03-13T14:09:14","slug":"londres-dispuesto-a-ayudar-a-suecia-para-interrogatorio-a-assange","status":"publish","type":"post","link":"https:\/\/diariodominicano.com\/?p=255013","title":{"rendered":"&#13;&#13;Londres dispuesto a ayudar a Suecia para interrogatorio a Assange"},"content":{"rendered":"<p><body><\/p>\n<p><span class=\"text1noticias\">\t\t<\/span><\/p>\n<\/p>\n<p><span class=\"text1noticias\">Londres, 13 mar (PL) El Reino Unido comunic\u00f3 hoy su disposici\u00f3n de contribuir para que la Fiscal\u00eda sueca interrogue al periodista e inform\u00e1tico australiano Julian Assange en la embajada de Ecuador en esta capital, donde permanece desde hace m\u00e1s de dos a\u00f1os.<\/span><\/p>\n<\/p>\n<p><span class=\"text1noticias\">Un portavoz del Ministerio de Asuntos Exteriores declar\u00f3 que el gobierno brit\u00e1nico est\u00e1 dispuesto a prestar asistencia a la Fiscal\u00eda sueca, que hoy anunci\u00f3 su intenci\u00f3n de entrevistar en Londres al fundador del sitio web Wikileaks.<\/span><\/p>\n<\/p>\n<p><span class=\"text1noticias\">Assange lleva dos a\u00f1os y medio asilado en la embajada de Quito en Reino Unido, pues las autoridades locales le niegan un salvoconducto para viajar a la naci\u00f3n suramericana.<\/span><\/p>\n<\/p>\n<p><span class=\"text1noticias\">El inform\u00e1tico est\u00e1 acusado en Suecia de supuestos delitos sexuales que seg\u00fan \u00e9l, son una treta para conseguir la extradici\u00f3n a Estocolmo, cuyas autoridades lo entregar\u00edan al gobierno norteamericano.<\/span><\/p>\n<\/p>\n<p><span class=\"text1noticias\">Estados Unidos persigue al australiano luego de que su portal Wikileaks publicara miles de documentos secretos que revelan las violaciones cometidas por Washington en asuntos como las guerras de Iraq y Afganist\u00e1n.<\/span><\/p>\n<\/p>\n<p><span class=\"text1noticias\">Si bien la defensa present\u00f3 desde un inicio la voluntad del imputado de prestar declaraciones desde Londres ya fuera mediante videoconferencia o con un viaje de los fiscales suecos, estos \u00faltimos se negaban a cualquiera de las variantes y en consecuencia el caso estuvo paralizado durante a\u00f1os.<\/span><\/p>\n<\/p>\n<p><span class=\"text1noticias\">El canciller de Ecuador, Ricardo Pati\u00f1o, critic\u00f3 la demora de la justicia sueca en aceptar el ofrecimiento de Assange.<\/span><\/p>\n<\/p>\n<p><span class=\"text1noticias\">Si se hubiera aceptado ofrecimiento de Ecuador de tomar declaraciones hace mil d\u00edas, se habr\u00eda ahorrado mucho dinero y molestias a todos, indic\u00f3 en su cuenta de Twitter.<\/span><\/p>\n<\/p>\n<p><span class=\"text1noticias\">La raz\u00f3n que lleva ahora a la justicia sueca a cambiar de idea es que varias de las acusaciones prescriben este a\u00f1o.<\/span><\/p>\n<h6> 2015-03-13 14:09:14 <\/h6>\n<p><!--\n<link rel=\"stylesheet\" href=\"css\/bootstrap.min.css\">\n\n\n<ul class=\"pagination\">\n\t    \n\t\n\n<li >\n\t<a href='?page_no=24657'>Previous<\/a>\n\t<\/li>\n\n\n       \n    \n\n<li><a href='?page_no=1'>1<\/a><\/li>\n\n\n\n<li><a href='?page_no=2'>2<\/a><\/li>\n\n\n\n<li><a>...<\/a><\/li>\n\n\n\n<li><a href='?page_no=24656'>24656<\/a><\/li>\n\n\n\n<li><a href='?page_no=24657'>24657<\/a><\/li>\n\n\n\n<li class='active'><a>24658<\/a><\/li>\n\n\n\n<li><a href='?page_no=24659'>24659<\/a><\/li>\n\n\n\n<li><a href='?page_no=24660'>24660<\/a><\/li>\n\n\n\n<li><a>...<\/a><\/li>\n\n\n\n<li><a href='?page_no=51012'>51012<\/a><\/li>\n\n\n\n<li><a href='?page_no=51013'>51013<\/a><\/li>\n\n    \n\t\n\n<li >\n\t<a href='?page_no=24659'>Next<\/a>\n\t<\/li>\n\n\n    \n\n<li><a href='?page_no=51013'>Last &rsaquo;&rsaquo;<\/a><\/li>\n\n<\/ul>\n\n\n--><br \/>\n<\/body><\/p>\n","protected":false},"excerpt":{"rendered":"<p>Londres, 13 mar (PL) El Reino Unido comunic\u00f3 hoy su disposici\u00f3n de contribuir para que la Fiscal\u00eda sueca interrogue al periodista e inform\u00e1tico australiano Julian Assange en la embajada de Ecuador en esta capital, donde permanece desde hace m\u00e1s de dos a\u00f1os. Un portavoz del Ministerio de Asuntos Exteriores declar\u00f3 que el gobierno brit\u00e1nico est\u00e1 [&hellip;]<\/p>\n","protected":false},"author":3,"featured_media":0,"comment_status":"open","ping_status":"open","sticky":false,"template":"","format":"standard","meta":{"footnotes":""},"categories":[23],"tags":[],"class_list":["post-255013","post","type-post","status-publish","format-standard","hentry","category-internacional"],"_links":{"self":[{"href":"https:\/\/diariodominicano.com\/index.php?rest_route=\/wp\/v2\/posts\/255013","targetHints":{"allow":["GET"]}}],"collection":[{"href":"https:\/\/diariodominicano.com\/index.php?rest_route=\/wp\/v2\/posts"}],"about":[{"href":"https:\/\/diariodominicano.com\/index.php?rest_route=\/wp\/v2\/types\/post"}],"author":[{"embeddable":true,"href":"https:\/\/diariodominicano.com\/index.php?rest_route=\/wp\/v2\/users\/3"}],"replies":[{"embeddable":true,"href":"https:\/\/diariodominicano.com\/index.php?rest_route=%2Fwp%2Fv2%2Fcomments&post=255013"}],"version-history":[{"count":0,"href":"https:\/\/diariodominicano.com\/index.php?rest_route=\/wp\/v2\/posts\/255013\/revisions"}],"wp:attachment":[{"href":"https:\/\/diariodominicano.com\/index.php?rest_route=%2Fwp%2Fv2%2Fmedia&parent=255013"}],"wp:term":[{"taxonomy":"category","embeddable":true,"href":"https:\/\/diariodominicano.com\/index.php?rest_route=%2Fwp%2Fv2%2Fcategories&post=255013"},{"taxonomy":"post_tag","embeddable":true,"href":"https:\/\/diariodominicano.com\/index.php?rest_route=%2Fwp%2Fv2%2Ftags&post=255013"}],"curies":[{"name":"wp","href":"https:\/\/api.w.org\/{rel}","templated":true}]}}