{"id":255011,"date":"2015-03-13T14:26:21","date_gmt":"2015-03-13T14:26:21","guid":{"rendered":"http:\/\/diariodominicano.ddns.net\/?p=255011"},"modified":"2015-03-13T14:26:21","modified_gmt":"2015-03-13T14:26:21","slug":"ue-extiende-por-otro-semestre-sanciones-contra-rusia","status":"publish","type":"post","link":"https:\/\/diariodominicano.com\/?p=255011","title":{"rendered":"&#13;&#13;UE extiende por otro semestre sanciones contra Rusia"},"content":{"rendered":"<p><body><\/p>\n<p><img decoding=\"async\" src=\"img3\/ue_rusia_banderas.jpg\" \/>  <\/p>\n<\/p>\n<p>Bruselas, 13 mar (PL) La Uni\u00f3n Europea (UE) decidi\u00f3 hoy extender por otros seis meses las sanciones unilaterales impuestas a Rusia por su posici\u00f3n en la crisis de Ucrania, donde hace m\u00e1s de un a\u00f1o se instal\u00f3 un gobierno golpista.<\/p>\n<\/p>\n<p>Donbass responsabiliza a Ucrania por fracaso de acuerdos<\/p>\n<\/p>\n<p>Pese a los reiterados llamados de Mosc\u00fa a Occidente de reforzar su presi\u00f3n a Kiev para hacerla cumplir estrictamente los acuerdos de Minsk del 13 de febrero pasado y de buscar una salida negociada al diferendo, la UE insiste en responsabilizar a Rusia por la crisis.<\/p>\n<\/p>\n<p>De esa forma, el bloque comunitario mantendr\u00e1 hasta el venidero 15 de septiembre las restricciones para el ingreso a esa regi\u00f3n y la congelaci\u00f3n de activos y cuentas bancarias de 150 personalidades rusas y ucranianas, as\u00ed como de 37 empresas.<\/p>\n<\/p>\n<p>La UE alega que las medidas responden a la posici\u00f3n rusa de rechazar al gobierno instalado en Kiev en febrero de 2014, tras una ruptura constitucional apoyada por paramilitares neofascistas, como culminaci\u00f3n de meses de protestas violentas aupadas por Occidente.<\/p>\n<\/p>\n<p>Rusia particip\u00f3, junto a Francia y Alemania, en conversaciones con el presidente ucraniano, Piotr Poroshenko, en Minsk, donde se acord\u00f3 un plan de 13 puntos sobre fin de hostilidades, intercambio de prisioneros y separaci\u00f3n de fuerzas.<\/p>\n<\/p>\n<p>La avenencia buscaba facilitar un proceso de paz en el sureste ucraniano, cuya poblaci\u00f3n sublevada rechaz\u00f3 al gobierno golpista, exigi\u00f3 el ruso como idioma oficial y la federalizaci\u00f3n del pa\u00eds.<\/p>\n<\/p>\n<p>Desde el inicio en abril de 2014 de las operaciones de castigo del ej\u00e9rcito contra las regiones de Donetsk y Lugansk, perecieron al menos seis mil personas, en su gran mayor\u00eda civiles.<\/p>\n<\/p>\n<p>Medios de prensa locales adelantan que el tema de las sanciones a Rusia podr\u00eda ser abordado en la cumbre de la UE, a celebrarse los d\u00edas 19 y 20 venideros, mientras aumenta la divisi\u00f3n interna entre sus 28 miembros sobre esa pol\u00edtica de restricciones.<\/p>\n<h6> 2015-03-13 14:26:21 <\/h6>\n<p><!--\n<link rel=\"stylesheet\" href=\"css\/bootstrap.min.css\">\n\n\n<ul class=\"pagination\">\n\t    \n\t\n\n<li >\n\t<a href='?page_no=24655'>Previous<\/a>\n\t<\/li>\n\n\n       \n    \n\n<li><a href='?page_no=1'>1<\/a><\/li>\n\n\n\n<li><a href='?page_no=2'>2<\/a><\/li>\n\n\n\n<li><a>...<\/a><\/li>\n\n\n\n<li><a href='?page_no=24654'>24654<\/a><\/li>\n\n\n\n<li><a href='?page_no=24655'>24655<\/a><\/li>\n\n\n\n<li class='active'><a>24656<\/a><\/li>\n\n\n\n<li><a href='?page_no=24657'>24657<\/a><\/li>\n\n\n\n<li><a href='?page_no=24658'>24658<\/a><\/li>\n\n\n\n<li><a>...<\/a><\/li>\n\n\n\n<li><a href='?page_no=51012'>51012<\/a><\/li>\n\n\n\n<li><a href='?page_no=51013'>51013<\/a><\/li>\n\n    \n\t\n\n<li >\n\t<a href='?page_no=24657'>Next<\/a>\n\t<\/li>\n\n\n    \n\n<li><a href='?page_no=51013'>Last &rsaquo;&rsaquo;<\/a><\/li>\n\n<\/ul>\n\n\n--><br \/>\n<\/body><\/p>\n","protected":false},"excerpt":{"rendered":"<p>Bruselas, 13 mar (PL) La Uni\u00f3n Europea (UE) decidi\u00f3 hoy extender por otros seis meses las sanciones unilaterales impuestas a Rusia por su posici\u00f3n en la crisis de Ucrania, donde hace m\u00e1s de un a\u00f1o se instal\u00f3 un gobierno golpista. Donbass responsabiliza a Ucrania por fracaso de acuerdos Pese a los reiterados llamados de Mosc\u00fa [&hellip;]<\/p>\n","protected":false},"author":3,"featured_media":0,"comment_status":"open","ping_status":"open","sticky":false,"template":"","format":"standard","meta":{"footnotes":""},"categories":[23],"tags":[],"class_list":["post-255011","post","type-post","status-publish","format-standard","hentry","category-internacional"],"_links":{"self":[{"href":"https:\/\/diariodominicano.com\/index.php?rest_route=\/wp\/v2\/posts\/255011","targetHints":{"allow":["GET"]}}],"collection":[{"href":"https:\/\/diariodominicano.com\/index.php?rest_route=\/wp\/v2\/posts"}],"about":[{"href":"https:\/\/diariodominicano.com\/index.php?rest_route=\/wp\/v2\/types\/post"}],"author":[{"embeddable":true,"href":"https:\/\/diariodominicano.com\/index.php?rest_route=\/wp\/v2\/users\/3"}],"replies":[{"embeddable":true,"href":"https:\/\/diariodominicano.com\/index.php?rest_route=%2Fwp%2Fv2%2Fcomments&post=255011"}],"version-history":[{"count":0,"href":"https:\/\/diariodominicano.com\/index.php?rest_route=\/wp\/v2\/posts\/255011\/revisions"}],"wp:attachment":[{"href":"https:\/\/diariodominicano.com\/index.php?rest_route=%2Fwp%2Fv2%2Fmedia&parent=255011"}],"wp:term":[{"taxonomy":"category","embeddable":true,"href":"https:\/\/diariodominicano.com\/index.php?rest_route=%2Fwp%2Fv2%2Fcategories&post=255011"},{"taxonomy":"post_tag","embeddable":true,"href":"https:\/\/diariodominicano.com\/index.php?rest_route=%2Fwp%2Fv2%2Ftags&post=255011"}],"curies":[{"name":"wp","href":"https:\/\/api.w.org\/{rel}","templated":true}]}}