{"id":255010,"date":"2015-03-13T14:33:38","date_gmt":"2015-03-13T14:33:38","guid":{"rendered":"http:\/\/diariodominicano.ddns.net\/?p=255010"},"modified":"2015-03-13T14:33:38","modified_gmt":"2015-03-13T14:33:38","slug":"mexico-vive-el-crimen-mas-horrendo-vocero-de-padres-de-los-43","status":"publish","type":"post","link":"https:\/\/diariodominicano.com\/?p=255010","title":{"rendered":"&#13;&#13;M\u00e9xico vive el crimen m\u00e1s horrendo, vocero de padres de los 43"},"content":{"rendered":"<p><body><\/p>\n<p><img decoding=\"async\" src=\"img3\/mexico43_felipecruz.jpg\" \/>  <\/p>\n<p><span class=\"text1noticias\">\t\t<\/span><\/p>\n<p><span class=\"text1noticias\">  <\/span><\/p>\n<\/p>\n<p><span class=\"text1noticias\">M\u00e9xico, 13 mar (PL) M\u00e9xico sufre hoy el m\u00e1s horrendo de los cr\u00edmenes de su historia, afirm\u00f3 Felipe Cruz, vocero de los padres de los 43 normalistas de Ayotzinapa desaparecidos hace m\u00e1s de cinco meses en el estado mexicano de Guerrero. <\/span><\/p>\n<\/p>\n<p><span class=\"text1noticias\">Al intervenir en el XIX Seminario Internacional \u00abLos partidos pol\u00edticos y la nueva sociedad\u00bb, que organiza el Partido del Trabajo (PT), Cruz dijo que no cejar\u00e1n en su lucha hasta que les regresen a sus hijos.<\/span><\/p>\n<\/p>\n<p><span class=\"text1noticias\">Vivos se los llevaron, vivos los queremos, exclam\u00f3 ante representantes de decenas de partidos y organizaciones pol\u00edticas progresistas y de izquierda de cuatro continentes reunidos en la capital mexicana.<\/span><\/p>\n<\/p>\n<p><span class=\"text1noticias\">Calific\u00f3 de crimen de lesa humanidad la desaparici\u00f3n de los normalistas, ocurrida entre el 26 y 27 de septiembre pasados en el municipio de Iguala.<\/span><\/p>\n<\/p>\n<p><span class=\"text1noticias\">El es m\u00e1s horrendo crimen en la historia de M\u00e9xico; fueron asesinados, torturados. A uno de ellos le desollaron el rostro, asegur\u00f3.<\/span><\/p>\n<\/p>\n<p><span class=\"text1noticias\">Contrast\u00f3 que mientras eso sucede, pol\u00edticos comprometidos con los grupos criminales aspiran ahora a ocupar puestos tras las elecciones de junio pr\u00f3ximo, en las cuales se renovar\u00e1 en pleno la C\u00e1mara de Diputados y otros cargos en 17 estados del pa\u00eds.<\/span><\/p>\n<\/p>\n<p><span class=\"text1noticias\">Lucharemos para que no haya elecciones mientras no se limpie el espectro pol\u00edtico, advirti\u00f3 Cruz, quien asegur\u00f3 que desde las bases se construyen estructuras de poder contrarias a los preceptos neoliberales y de privatizaci\u00f3n.<\/span><\/p>\n<\/p>\n<p><span class=\"text1noticias\">En M\u00e9xico renace la lucha del pueblo, y no ser\u00e1 por la via electoral porque no confiamos en la pol\u00edtica mexicana, enfatiz\u00f3.<\/span><\/p>\n<\/p>\n<p><span class=\"text1noticias\">Dijo que no se van a detener en la lucha por la recuperaci\u00f3n de sus hijos, pero tambi\u00e9n por transformar la sociedad y encaminarla hacia lo que denomin\u00f3 el socialismo real para un pa\u00eds m\u00e1s equitativo.<\/span><\/p>\n<\/p>\n<p><span class=\"text1noticias\">Ver la experiencia de otros pueblos que se han independizado del neoliberalismo nos da la confianza de que lo podemos lograr, apunt\u00f3 Cruz, quien reclam\u00f3 de los asistentes al foro pol\u00edtico una declaraci\u00f3n de apoyo a la causa de los padres de los 43 de Ayotzinapa.<\/span><\/p>\n<\/p>\n<h6> 2015-03-13 14:33:38 <\/h6>\n<p><!--\n<link rel=\"stylesheet\" href=\"css\/bootstrap.min.css\">\n\n\n<ul class=\"pagination\">\n\t    \n\t\n\n<li >\n\t<a href='?page_no=24654'>Previous<\/a>\n\t<\/li>\n\n\n       \n    \n\n<li><a href='?page_no=1'>1<\/a><\/li>\n\n\n\n<li><a href='?page_no=2'>2<\/a><\/li>\n\n\n\n<li><a>...<\/a><\/li>\n\n\n\n<li><a href='?page_no=24653'>24653<\/a><\/li>\n\n\n\n<li><a href='?page_no=24654'>24654<\/a><\/li>\n\n\n\n<li class='active'><a>24655<\/a><\/li>\n\n\n\n<li><a href='?page_no=24656'>24656<\/a><\/li>\n\n\n\n<li><a href='?page_no=24657'>24657<\/a><\/li>\n\n\n\n<li><a>...<\/a><\/li>\n\n\n\n<li><a href='?page_no=51012'>51012<\/a><\/li>\n\n\n\n<li><a href='?page_no=51013'>51013<\/a><\/li>\n\n    \n\t\n\n<li >\n\t<a href='?page_no=24656'>Next<\/a>\n\t<\/li>\n\n\n    \n\n<li><a href='?page_no=51013'>Last &rsaquo;&rsaquo;<\/a><\/li>\n\n<\/ul>\n\n\n--><br \/>\n<\/body><\/p>\n","protected":false},"excerpt":{"rendered":"<p>M\u00e9xico, 13 mar (PL) M\u00e9xico sufre hoy el m\u00e1s horrendo de los cr\u00edmenes de su historia, afirm\u00f3 Felipe Cruz, vocero de los padres de los 43 normalistas de Ayotzinapa desaparecidos hace m\u00e1s de cinco meses en el estado mexicano de Guerrero. Al intervenir en el XIX Seminario Internacional \u00abLos partidos pol\u00edticos y la nueva sociedad\u00bb, [&hellip;]<\/p>\n","protected":false},"author":3,"featured_media":0,"comment_status":"open","ping_status":"open","sticky":false,"template":"","format":"standard","meta":{"footnotes":""},"categories":[23],"tags":[],"class_list":["post-255010","post","type-post","status-publish","format-standard","hentry","category-internacional"],"_links":{"self":[{"href":"https:\/\/diariodominicano.com\/index.php?rest_route=\/wp\/v2\/posts\/255010","targetHints":{"allow":["GET"]}}],"collection":[{"href":"https:\/\/diariodominicano.com\/index.php?rest_route=\/wp\/v2\/posts"}],"about":[{"href":"https:\/\/diariodominicano.com\/index.php?rest_route=\/wp\/v2\/types\/post"}],"author":[{"embeddable":true,"href":"https:\/\/diariodominicano.com\/index.php?rest_route=\/wp\/v2\/users\/3"}],"replies":[{"embeddable":true,"href":"https:\/\/diariodominicano.com\/index.php?rest_route=%2Fwp%2Fv2%2Fcomments&post=255010"}],"version-history":[{"count":0,"href":"https:\/\/diariodominicano.com\/index.php?rest_route=\/wp\/v2\/posts\/255010\/revisions"}],"wp:attachment":[{"href":"https:\/\/diariodominicano.com\/index.php?rest_route=%2Fwp%2Fv2%2Fmedia&parent=255010"}],"wp:term":[{"taxonomy":"category","embeddable":true,"href":"https:\/\/diariodominicano.com\/index.php?rest_route=%2Fwp%2Fv2%2Fcategories&post=255010"},{"taxonomy":"post_tag","embeddable":true,"href":"https:\/\/diariodominicano.com\/index.php?rest_route=%2Fwp%2Fv2%2Ftags&post=255010"}],"curies":[{"name":"wp","href":"https:\/\/api.w.org\/{rel}","templated":true}]}}