{"id":255003,"date":"2015-03-15T10:56:20","date_gmt":"2015-03-15T10:56:20","guid":{"rendered":"http:\/\/diariodominicano.ddns.net\/?p=255003"},"modified":"2015-03-15T10:56:20","modified_gmt":"2015-03-15T10:56:20","slug":"papa-francisco-lamenta-atentados-en-iglesias-de-pakistan","status":"publish","type":"post","link":"https:\/\/diariodominicano.com\/?p=255003","title":{"rendered":"Papa Francisco lamenta atentados en iglesias de Pakist\u00e1n"},"content":{"rendered":"<p><body><\/p>\n<p><img decoding=\"async\" src=\"img3\/papa.jpg\" \/>  <\/p>\n<p><span class=\"text1noticias\">Roma, 15 mar (PL) El papa Francisco lament\u00f3 los atentados ocurridos en dos iglesias de la ciudad de Lahore, noreste de Pakist\u00e1n, en los que murieron 15 personas y unas 80 resultaron heridas, seg\u00fan los reportes difundidos.<\/span><\/p>\n<\/p>\n<p><span class=\"text1noticias\">El Pont\u00edfice expres\u00f3 su dolor por los hechos y estim\u00f3 que los ataques son parte de la persecuci\u00f3n que ocurre en algunos pa\u00edses del mundo contra la poblaci\u00f3n cristiana.<\/span><\/p>\n<\/p>\n<p><span class=\"text1noticias\">\u00abNuestros hermanos derraman sangre porque son cristianos\u00bb, declar\u00f3 ante miles de personas reunidas en la plaza San Pedro del Vaticano, y abog\u00f3 por el fin de la persecuci\u00f3n y por la paz y la concordia en Pakist\u00e1n.<\/span><\/p>\n<\/p>\n<p><span class=\"text1noticias\">Los hechos de violencia se registraron de forma simult\u00e1nea en dos iglesias de la zona cristiana de la ciudad de Lahore, y la autor\u00eda fue asumida por el grupo armado Jamaat-ul-Ahrar, el cual se escindi\u00f3 de los talibanes pakistan\u00edes en agosto de 2014<\/span>.<\/p>\n<h6> 2015-03-15 10:56:20 <\/h6>\n<p><!--\n<link rel=\"stylesheet\" href=\"css\/bootstrap.min.css\">\n\n\n<ul class=\"pagination\">\n\t    \n\t\n\n<li >\n\t<a href='?page_no=24647'>Previous<\/a>\n\t<\/li>\n\n\n       \n    \n\n<li><a href='?page_no=1'>1<\/a><\/li>\n\n\n\n<li><a href='?page_no=2'>2<\/a><\/li>\n\n\n\n<li><a>...<\/a><\/li>\n\n\n\n<li><a href='?page_no=24646'>24646<\/a><\/li>\n\n\n\n<li><a href='?page_no=24647'>24647<\/a><\/li>\n\n\n\n<li class='active'><a>24648<\/a><\/li>\n\n\n\n<li><a href='?page_no=24649'>24649<\/a><\/li>\n\n\n\n<li><a href='?page_no=24650'>24650<\/a><\/li>\n\n\n\n<li><a>...<\/a><\/li>\n\n\n\n<li><a href='?page_no=51012'>51012<\/a><\/li>\n\n\n\n<li><a href='?page_no=51013'>51013<\/a><\/li>\n\n    \n\t\n\n<li >\n\t<a href='?page_no=24649'>Next<\/a>\n\t<\/li>\n\n\n    \n\n<li><a href='?page_no=51013'>Last &rsaquo;&rsaquo;<\/a><\/li>\n\n<\/ul>\n\n\n--><br \/>\n<\/body><\/p>\n","protected":false},"excerpt":{"rendered":"<p>Roma, 15 mar (PL) El papa Francisco lament\u00f3 los atentados ocurridos en dos iglesias de la ciudad de Lahore, noreste de Pakist\u00e1n, en los que murieron 15 personas y unas 80 resultaron heridas, seg\u00fan los reportes difundidos. El Pont\u00edfice expres\u00f3 su dolor por los hechos y estim\u00f3 que los ataques son parte de la persecuci\u00f3n [&hellip;]<\/p>\n","protected":false},"author":3,"featured_media":0,"comment_status":"open","ping_status":"open","sticky":false,"template":"","format":"standard","meta":{"footnotes":""},"categories":[23],"tags":[],"class_list":["post-255003","post","type-post","status-publish","format-standard","hentry","category-internacional"],"_links":{"self":[{"href":"https:\/\/diariodominicano.com\/index.php?rest_route=\/wp\/v2\/posts\/255003","targetHints":{"allow":["GET"]}}],"collection":[{"href":"https:\/\/diariodominicano.com\/index.php?rest_route=\/wp\/v2\/posts"}],"about":[{"href":"https:\/\/diariodominicano.com\/index.php?rest_route=\/wp\/v2\/types\/post"}],"author":[{"embeddable":true,"href":"https:\/\/diariodominicano.com\/index.php?rest_route=\/wp\/v2\/users\/3"}],"replies":[{"embeddable":true,"href":"https:\/\/diariodominicano.com\/index.php?rest_route=%2Fwp%2Fv2%2Fcomments&post=255003"}],"version-history":[{"count":0,"href":"https:\/\/diariodominicano.com\/index.php?rest_route=\/wp\/v2\/posts\/255003\/revisions"}],"wp:attachment":[{"href":"https:\/\/diariodominicano.com\/index.php?rest_route=%2Fwp%2Fv2%2Fmedia&parent=255003"}],"wp:term":[{"taxonomy":"category","embeddable":true,"href":"https:\/\/diariodominicano.com\/index.php?rest_route=%2Fwp%2Fv2%2Fcategories&post=255003"},{"taxonomy":"post_tag","embeddable":true,"href":"https:\/\/diariodominicano.com\/index.php?rest_route=%2Fwp%2Fv2%2Ftags&post=255003"}],"curies":[{"name":"wp","href":"https:\/\/api.w.org\/{rel}","templated":true}]}}