{"id":255002,"date":"2015-03-15T11:22:09","date_gmt":"2015-03-15T11:22:09","guid":{"rendered":"http:\/\/diariodominicano.ddns.net\/?p=255002"},"modified":"2015-03-15T11:22:09","modified_gmt":"2015-03-15T11:22:09","slug":"eleva-a-49-numero-de-victimas-mortales-en-accidente-de-trafico-en-sur-de-brasil","status":"publish","type":"post","link":"https:\/\/diariodominicano.com\/?p=255002","title":{"rendered":"Eleva a 49 n\u00famero de v\u00edctimas mortales en accidente de tr\u00e1fico en sur de Brasil"},"content":{"rendered":"<p><body><\/p>\n<p><span class=\"text1noticias\">     RIO DE JANEIRO, Brasil, 15 mar (Xinhua) &#8212; Elev\u00f3 a 49 el n\u00famero de v\u00edctimas mortales y a diez la cifra de heridos en el accidente de un autob\u00fas tur\u00edstico en el estado brasile\u00f1o de Santa Catarina (sur del pa\u00eds), informaron fuentes oficiales.<\/span><\/p>\n<\/p>\n<p><span class=\"text1noticias\">     Las v\u00edctimas son ocho ni\u00f1os, tres adolescentes y 38 adultos. Todos ellos se dirig\u00edan a un evento religioso cuando el autob\u00fas, por causas desconocidas, cay\u00f3 a un despe\u00f1adero de unos 400 metros, seg\u00fan inform\u00f3 la Secretar\u00eda de Estado de Desarrollo Regional.<\/span><\/p>\n<\/p>\n<p><span class=\"text1noticias\">     El accidente se produjo en el t\u00e9rmino municipal de Campo Alegre, en una curva en la tur\u00edstica zona de Sierra Dona Francisca<\/span>. <\/p>\n<h6> 2015-03-15 11:22:09 <\/h6>\n<p><!--\n<link rel=\"stylesheet\" href=\"css\/bootstrap.min.css\">\n\n\n<ul class=\"pagination\">\n\t    \n\t\n\n<li >\n\t<a href='?page_no=24646'>Previous<\/a>\n\t<\/li>\n\n\n       \n    \n\n<li><a href='?page_no=1'>1<\/a><\/li>\n\n\n\n<li><a href='?page_no=2'>2<\/a><\/li>\n\n\n\n<li><a>...<\/a><\/li>\n\n\n\n<li><a href='?page_no=24645'>24645<\/a><\/li>\n\n\n\n<li><a href='?page_no=24646'>24646<\/a><\/li>\n\n\n\n<li class='active'><a>24647<\/a><\/li>\n\n\n\n<li><a href='?page_no=24648'>24648<\/a><\/li>\n\n\n\n<li><a href='?page_no=24649'>24649<\/a><\/li>\n\n\n\n<li><a>...<\/a><\/li>\n\n\n\n<li><a href='?page_no=51012'>51012<\/a><\/li>\n\n\n\n<li><a href='?page_no=51013'>51013<\/a><\/li>\n\n    \n\t\n\n<li >\n\t<a href='?page_no=24648'>Next<\/a>\n\t<\/li>\n\n\n    \n\n<li><a href='?page_no=51013'>Last &rsaquo;&rsaquo;<\/a><\/li>\n\n<\/ul>\n\n\n--><br \/>\n<\/body><\/p>\n","protected":false},"excerpt":{"rendered":"<p>RIO DE JANEIRO, Brasil, 15 mar (Xinhua) &#8212; Elev\u00f3 a 49 el n\u00famero de v\u00edctimas mortales y a diez la cifra de heridos en el accidente de un autob\u00fas tur\u00edstico en el estado brasile\u00f1o de Santa Catarina (sur del pa\u00eds), informaron fuentes oficiales. Las v\u00edctimas son ocho ni\u00f1os, tres adolescentes y 38 adultos. Todos ellos [&hellip;]<\/p>\n","protected":false},"author":3,"featured_media":0,"comment_status":"open","ping_status":"open","sticky":false,"template":"","format":"standard","meta":{"footnotes":""},"categories":[23],"tags":[],"class_list":["post-255002","post","type-post","status-publish","format-standard","hentry","category-internacional"],"_links":{"self":[{"href":"https:\/\/diariodominicano.com\/index.php?rest_route=\/wp\/v2\/posts\/255002","targetHints":{"allow":["GET"]}}],"collection":[{"href":"https:\/\/diariodominicano.com\/index.php?rest_route=\/wp\/v2\/posts"}],"about":[{"href":"https:\/\/diariodominicano.com\/index.php?rest_route=\/wp\/v2\/types\/post"}],"author":[{"embeddable":true,"href":"https:\/\/diariodominicano.com\/index.php?rest_route=\/wp\/v2\/users\/3"}],"replies":[{"embeddable":true,"href":"https:\/\/diariodominicano.com\/index.php?rest_route=%2Fwp%2Fv2%2Fcomments&post=255002"}],"version-history":[{"count":0,"href":"https:\/\/diariodominicano.com\/index.php?rest_route=\/wp\/v2\/posts\/255002\/revisions"}],"wp:attachment":[{"href":"https:\/\/diariodominicano.com\/index.php?rest_route=%2Fwp%2Fv2%2Fmedia&parent=255002"}],"wp:term":[{"taxonomy":"category","embeddable":true,"href":"https:\/\/diariodominicano.com\/index.php?rest_route=%2Fwp%2Fv2%2Fcategories&post=255002"},{"taxonomy":"post_tag","embeddable":true,"href":"https:\/\/diariodominicano.com\/index.php?rest_route=%2Fwp%2Fv2%2Ftags&post=255002"}],"curies":[{"name":"wp","href":"https:\/\/api.w.org\/{rel}","templated":true}]}}