{"id":255001,"date":"2015-03-15T13:27:59","date_gmt":"2015-03-15T13:27:59","guid":{"rendered":"http:\/\/diariodominicano.ddns.net\/?p=255001"},"modified":"2015-03-15T13:27:59","modified_gmt":"2015-03-15T13:27:59","slug":"venezuela-muestra-su-fortaleza-militar-mueve-unos-80-mil-efectivos-y-20-mil-civiles","status":"publish","type":"post","link":"https:\/\/diariodominicano.com\/?p=255001","title":{"rendered":"Venezuela muestra su fortaleza militar; mueve unos 80 mil efectivos y 20 mil civiles"},"content":{"rendered":"<p><body><\/p>\n<p><img decoding=\"async\" src=\"img3\/guardia 2.jpeg\" \/><br \/><img decoding=\"async\" src=\"img3\/duro 2.jpg\" \/><br \/><img decoding=\"async\" src=\"img3\/mili 3.jpg\" \/>  <\/p>\n<p>Caracas, Venezuela 15 marzo.- El \u00abejercicio militar defensivo\u00bb ordenado por el presidente de Venezuela, Nicol\u00e1s Maduro, arranc\u00f3 ayer con la movilizaci\u00f3n de 80.000 soldados y 20.000 civiles, anunci\u00f3 el ministro de Defensa y jefe de la Fuerza Armada Nacional Bolivariana (FANB), general Vladimir Padrino L\u00f3pez.<\/p>\n<\/p>\n<p>Suman un total de 100.000 los involucrados en el ejercicio \u00abpara potenciar la defensa integral\u00bb del pa\u00eds, incluidos los soldados de la Milicia Popular entre los 80.000 soldados \u00abactivados\u00bb junto a los 20.000 \u00abcompatriotas del pueblo que se han sumado voluntariamente y que no son milicianos de la FANB\u00bb, destac\u00f3 el general de Ej\u00e9rcito.<\/p>\n<\/p>\n<p>El denominado ejercicio \u00abEscudo Bolivariano\u00bb se extender\u00e1 durante diez d\u00edas y abarca todo el pa\u00eds, inform\u00f3 en declaraciones a la televisi\u00f3n estatal.<\/p>\n<\/p>\n<p>Maduro orden\u00f3 el ejercicio el mi\u00e9rcoles pasado para identificar los puntos de defensa y garantizar que al pa\u00eds suramericano \u00abno lo toque nadie\u00bb, o para que \u00abno lo toque la bota yanqui\u00bb, sostuvo el jefe de Estado en un discurso ante el pleno de la Asamblea Nacional (AN, Parlamento).<\/p>\n<\/p>\n<p>Preparada<\/p>\n<\/p>\n<p>El presidente acudi\u00f3 ese d\u00eda a la AN para solicitar poderes especiales que le permitan legislar sin control parlamentario y con ello poder \u00abenfrentar\u00bb las \u00abamenazas\u00bb de Estados Unidos, e invit\u00f3 al pa\u00eds \u00aba incorporarse y a apoyar a la FANB y a la Milicia\u00bb. \u00abVenezuela tiene que estar preparada, porque Venezuela no es ni puede ser jam\u00e1s Libia ni Irak\u00bb, subray\u00f3 Maduro.<\/p>\n<\/p>\n<p>Record\u00f3 que su colega de EE.UU., Barack Obama, declar\u00f3 el lunes que Venezuela constitu\u00eda \u00abuna amenaza extraordinaria a la seguridad nacional\u00bb estadounidense y orden\u00f3 ampliar sanciones contra un n\u00famero no revelado de funcionarios y exaltos cargos venezolanos.<\/p>\n<\/p>\n<p>El anuncio de Washington incluy\u00f3 el bloqueo de bienes que pudieran tener en EE.UU. esos funcionarios, de los cuales identific\u00f3 a siete que acus\u00f3 de violar los derechos de opositores durante las protestas antigubernamentales que se vivieron en Venezuela durante el primer semestre de 2014.<\/p>\n<\/p>\n<p>Desde el Centro de Simulaci\u00f3n Antia\u00e9rea de la Escuela de Artiller\u00eda, situada en el Fuerte Tiuna de Caracas, el mayor destacamento castrense de Venezuela, Padrino L\u00f3pez remarc\u00f3 que Maduro se dirigir\u00e1 al pa\u00eds al t\u00e9rmino de la jornada para evaluar el ejercicio que se cumple en mar, tierra y aire en todo el pa\u00eds.<\/p>\n<\/p>\n<p>El objetivo del \u00abEscudo Bolivariano\u00bb apunta al \u00abfortalecimiento de los \u00f3rganos de direcci\u00f3n de la defensa integral\u00bb a cargo del \u00abcomando pol\u00edtico de la naci\u00f3n\u00bb, la cual est\u00e1 \u00abarticulada con la lucha armada a cargo de la FANB\u00bb, a\u00f1adi\u00f3. El ejercicio busca \u00abelevar los niveles de apresto operacional del Ej\u00e9rcito, la Armada, la Aviaci\u00f3n y la Guardia Nacional Bolivariana\u00bb, a\u00f1adi\u00f3 el jefe militar y evalu\u00f3 que el hecho de que EE.UU. declara al pa\u00eds caribe\u00f1o amenaza \u00absignifica un inminente peligro\u00bb.<\/p>\n<\/p>\n<h6> 2015-03-15 13:27:59 <\/h6>\n<p><!--\n<link rel=\"stylesheet\" href=\"css\/bootstrap.min.css\">\n\n\n<ul class=\"pagination\">\n\t    \n\t\n\n<li >\n\t<a href='?page_no=24645'>Previous<\/a>\n\t<\/li>\n\n\n       \n    \n\n<li><a href='?page_no=1'>1<\/a><\/li>\n\n\n\n<li><a href='?page_no=2'>2<\/a><\/li>\n\n\n\n<li><a>...<\/a><\/li>\n\n\n\n<li><a href='?page_no=24644'>24644<\/a><\/li>\n\n\n\n<li><a href='?page_no=24645'>24645<\/a><\/li>\n\n\n\n<li class='active'><a>24646<\/a><\/li>\n\n\n\n<li><a href='?page_no=24647'>24647<\/a><\/li>\n\n\n\n<li><a href='?page_no=24648'>24648<\/a><\/li>\n\n\n\n<li><a>...<\/a><\/li>\n\n\n\n<li><a href='?page_no=51012'>51012<\/a><\/li>\n\n\n\n<li><a href='?page_no=51013'>51013<\/a><\/li>\n\n    \n\t\n\n<li >\n\t<a href='?page_no=24647'>Next<\/a>\n\t<\/li>\n\n\n    \n\n<li><a href='?page_no=51013'>Last &rsaquo;&rsaquo;<\/a><\/li>\n\n<\/ul>\n\n\n--><br \/>\n<\/body><\/p>\n","protected":false},"excerpt":{"rendered":"<p>Caracas, Venezuela 15 marzo.- El \u00abejercicio militar defensivo\u00bb ordenado por el presidente de Venezuela, Nicol\u00e1s Maduro, arranc\u00f3 ayer con la movilizaci\u00f3n de 80.000 soldados y 20.000 civiles, anunci\u00f3 el ministro de Defensa y jefe de la Fuerza Armada Nacional Bolivariana (FANB), general Vladimir Padrino L\u00f3pez. Suman un total de 100.000 los involucrados en el ejercicio [&hellip;]<\/p>\n","protected":false},"author":3,"featured_media":0,"comment_status":"open","ping_status":"open","sticky":false,"template":"","format":"standard","meta":{"footnotes":""},"categories":[23],"tags":[],"class_list":["post-255001","post","type-post","status-publish","format-standard","hentry","category-internacional"],"_links":{"self":[{"href":"https:\/\/diariodominicano.com\/index.php?rest_route=\/wp\/v2\/posts\/255001","targetHints":{"allow":["GET"]}}],"collection":[{"href":"https:\/\/diariodominicano.com\/index.php?rest_route=\/wp\/v2\/posts"}],"about":[{"href":"https:\/\/diariodominicano.com\/index.php?rest_route=\/wp\/v2\/types\/post"}],"author":[{"embeddable":true,"href":"https:\/\/diariodominicano.com\/index.php?rest_route=\/wp\/v2\/users\/3"}],"replies":[{"embeddable":true,"href":"https:\/\/diariodominicano.com\/index.php?rest_route=%2Fwp%2Fv2%2Fcomments&post=255001"}],"version-history":[{"count":0,"href":"https:\/\/diariodominicano.com\/index.php?rest_route=\/wp\/v2\/posts\/255001\/revisions"}],"wp:attachment":[{"href":"https:\/\/diariodominicano.com\/index.php?rest_route=%2Fwp%2Fv2%2Fmedia&parent=255001"}],"wp:term":[{"taxonomy":"category","embeddable":true,"href":"https:\/\/diariodominicano.com\/index.php?rest_route=%2Fwp%2Fv2%2Fcategories&post=255001"},{"taxonomy":"post_tag","embeddable":true,"href":"https:\/\/diariodominicano.com\/index.php?rest_route=%2Fwp%2Fv2%2Ftags&post=255001"}],"curies":[{"name":"wp","href":"https:\/\/api.w.org\/{rel}","templated":true}]}}