{"id":254999,"date":"2015-03-16T00:03:11","date_gmt":"2015-03-16T00:03:11","guid":{"rendered":"http:\/\/diariodominicano.ddns.net\/?p=254999"},"modified":"2015-03-16T00:03:11","modified_gmt":"2015-03-16T00:03:11","slug":"gobierno-convoca-oficialmente-a-comicios-en-haiti","status":"publish","type":"post","link":"https:\/\/diariodominicano.com\/?p=254999","title":{"rendered":"Gobierno convoca oficialmente a comicios en Hait\u00ed"},"content":{"rendered":"<p><body><\/p>\n<p><img decoding=\"async\" src=\"img3\/CASA.jpg\" \/>  <\/p>\n<p><span class=\"text1noticias\">Hait\u00ed, 16 mar (Xinhua) &#8212; El Gobierno del presidente Michel Martelly convoc\u00f3 este domingo de manera oficial a comicios en Hait\u00ed, un proceso cuya organizaci\u00f3n demandar\u00e1 casi 40 millones de d\u00f3lares.<\/span><\/p>\n<p><span class=\"text1noticias\"> <\/span><\/p>\n<p><span class=\"text1noticias\">La Secretar\u00eda General de la Presidencia confirm\u00f3 este domingo que la poblaci\u00f3n est\u00e1 convocado a votar el domingo 9 de agosto en una primera ronda legislativa, y el domingo 25 de octubre en una primera vuelta presidencial, para representantes locales y en una segunda ronda tambi\u00e9n legislativa.<\/span><\/p>\n<p><span class=\"text1noticias\"> <\/span><\/p>\n<p><span class=\"text1noticias\">La Presidencia agreg\u00f3 que, de ser necesario, habr\u00e1 una segunda vuelta presidencial el domingo 27 de diciembre.<\/span><\/p>\n<p><span class=\"text1noticias\"> <\/span><\/p>\n<p><span class=\"text1noticias\">El Consejo Electoral Provisional (CEP) de Hait\u00ed propuso la semana pasada que las elecciones legislativas y presidenciales se realicen en las fechas anunciadas este domingo por el Gobierno, pero la propuesta fue rechazada por varios partidos pol\u00edticos, muchos de los cuales no asistieron a una importante reuni\u00f3n para la presentaci\u00f3n oficial del calendario electoral.<\/span><\/p>\n<p><span class=\"text1noticias\"> <\/span><\/p>\n<p><span class=\"text1noticias\">El CEP remiti\u00f3 el jueves al Poder Ejecutivo el calendario electoral definitivo con el fin de que el presidente Martelly convoque a los comicios.<\/span><\/p>\n<p><span class=\"text1noticias\"> <\/span><\/p>\n<p><span class=\"text1noticias\">La convocatoria difundida este domingo est\u00e1 contenida en un decreto presidencial de fecha 13 de marzo, el mismo d\u00eda en que el portavoz del Gobierno y ministro haitiano de Comunicaci\u00f3n, Rotchild Francois Junior, dijo que el decreto presidencial que convocar\u00e1 oficialmente a la poblaci\u00f3n a participar en los comicios ser\u00eda \u00abdado a conocer en breve\u00bb.<\/span><\/p>\n<p><span class=\"text1noticias\"> <\/span><\/p>\n<p><span class=\"text1noticias\">El funcionario se\u00f1al\u00f3 entonces que de unos 1.100 millones de gourdes (23,4 millones de d\u00f3lares) presupuestados actualmente, 500 millones de gourdes (10,6 millones de d\u00f3lares) ser\u00e1n liberados para la financiaci\u00f3n de los partidos pol\u00edticos que participen en las elecciones.<\/span><\/p>\n<p><span class=\"text1noticias\"> <\/span><\/p>\n<p><span class=\"text1noticias\">En el decreto difundido este domingo, el presidente de la Rep\u00fablica reitera su \u00abfirme determinaci\u00f3n de facilitar la celebraci\u00f3n de elecciones libres, cre\u00edbles, independientes, transparentes e incluyentes\u00bb, a la vez que invita a todos los ciudadanos en edad de votar y a los titulares del documento nacional de identidad \u00aba cumplir con su deber c\u00edvico y contribuir al fortalecimiento de la democracia y el Estado de derecho\u00bb del pa\u00eds.<\/span><\/p>\n<p><span class=\"text1noticias\"> <\/span><\/p>\n<p><span class=\"text1noticias\">De acuerdo con el calendario, el per\u00edodo de campa\u00f1a electoral, se abrir\u00e1 8 de julio y tendr\u00e1 una duraci\u00f3n de s\u00f3lo 30 d\u00edas, mientras que los resultados finales se dar\u00e1n a conocer el 17 de enero de 2016.<\/span><\/p>\n<p><span class=\"text1noticias\"> <\/span><\/p>\n<p><span class=\"text1noticias\">Hait\u00ed debe elegir a 20 senadores, 118 diputados, 140 autoridades municipales y 1.140 asamble\u00edstas y representantes comunales en todo el pa\u00eds, adem\u00e1s del sucesor del actual presidente Martelly, cuyo mandato culmina en mayo de 2016.<\/span><\/p>\n<p><span class=\"text1noticias\"> <\/span><\/p>\n<p><span class=\"text1noticias\">El CEP ya hab\u00eda anunciado a principios de febrero que el proceso ser\u00eda puesto en marcha este mes, con un calendario que en principio preve\u00eda una primera ronda para elecciones legislativas en julio, y para las presidenciales el 25 de octubre.<\/span><\/p>\n<p><span class=\"text1noticias\"> <\/span><\/p>\n<p><span class=\"text1noticias\">La directora del Programa de las Naciones Unidas para el Desarrollo en Hait\u00ed (PNUD), Sophie de Caen, dijo esta semana que los donantes internacionales han comprometido unos 38 millones de d\u00f3lares para la realizaci\u00f3n de elecciones, de los cuales ya se han recibido m\u00e1s de 30 millones.<\/span><\/p>\n<p><span class=\"text1noticias\"> <\/span><\/p>\n<p><span class=\"text1noticias\">\u00abEl calendario es importante revisar el presupuesto\u00bb, afirm\u00f3 De Caen.<\/span><\/p>\n<p><span class=\"text1noticias\"> <\/span><\/p>\n<p><span class=\"text1noticias\">El Gobierno de Hait\u00ed es la mayor fuente de financiamiento de los comicios con m\u00e1s de 13,8 millones de d\u00f3lares, seguido por la Uni\u00f3n Europea, con un aporte de aproximadamente 6,8 millones, Estados Unidos (6,5 millones), Canad\u00e1 (5,3 millones) y Jap\u00f3n y Brasil (4,5 millones<\/span> de d\u00f3lares).<\/p>\n<h6> 2015-03-16 00:03:11 <\/h6>\n<p><!--\n<link rel=\"stylesheet\" href=\"css\/bootstrap.min.css\">\n\n\n<ul class=\"pagination\">\n\t    \n\t\n\n<li >\n\t<a href='?page_no=24643'>Previous<\/a>\n\t<\/li>\n\n\n       \n    \n\n<li><a href='?page_no=1'>1<\/a><\/li>\n\n\n\n<li><a href='?page_no=2'>2<\/a><\/li>\n\n\n\n<li><a>...<\/a><\/li>\n\n\n\n<li><a href='?page_no=24642'>24642<\/a><\/li>\n\n\n\n<li><a href='?page_no=24643'>24643<\/a><\/li>\n\n\n\n<li class='active'><a>24644<\/a><\/li>\n\n\n\n<li><a href='?page_no=24645'>24645<\/a><\/li>\n\n\n\n<li><a href='?page_no=24646'>24646<\/a><\/li>\n\n\n\n<li><a>...<\/a><\/li>\n\n\n\n<li><a href='?page_no=51012'>51012<\/a><\/li>\n\n\n\n<li><a href='?page_no=51013'>51013<\/a><\/li>\n\n    \n\t\n\n<li >\n\t<a href='?page_no=24645'>Next<\/a>\n\t<\/li>\n\n\n    \n\n<li><a href='?page_no=51013'>Last &rsaquo;&rsaquo;<\/a><\/li>\n\n<\/ul>\n\n\n--><br \/>\n<\/body><\/p>\n","protected":false},"excerpt":{"rendered":"<p>Hait\u00ed, 16 mar (Xinhua) &#8212; El Gobierno del presidente Michel Martelly convoc\u00f3 este domingo de manera oficial a comicios en Hait\u00ed, un proceso cuya organizaci\u00f3n demandar\u00e1 casi 40 millones de d\u00f3lares. La Secretar\u00eda General de la Presidencia confirm\u00f3 este domingo que la poblaci\u00f3n est\u00e1 convocado a votar el domingo 9 de agosto en una primera [&hellip;]<\/p>\n","protected":false},"author":3,"featured_media":0,"comment_status":"open","ping_status":"open","sticky":false,"template":"","format":"standard","meta":{"footnotes":""},"categories":[23],"tags":[],"class_list":["post-254999","post","type-post","status-publish","format-standard","hentry","category-internacional"],"_links":{"self":[{"href":"https:\/\/diariodominicano.com\/index.php?rest_route=\/wp\/v2\/posts\/254999","targetHints":{"allow":["GET"]}}],"collection":[{"href":"https:\/\/diariodominicano.com\/index.php?rest_route=\/wp\/v2\/posts"}],"about":[{"href":"https:\/\/diariodominicano.com\/index.php?rest_route=\/wp\/v2\/types\/post"}],"author":[{"embeddable":true,"href":"https:\/\/diariodominicano.com\/index.php?rest_route=\/wp\/v2\/users\/3"}],"replies":[{"embeddable":true,"href":"https:\/\/diariodominicano.com\/index.php?rest_route=%2Fwp%2Fv2%2Fcomments&post=254999"}],"version-history":[{"count":0,"href":"https:\/\/diariodominicano.com\/index.php?rest_route=\/wp\/v2\/posts\/254999\/revisions"}],"wp:attachment":[{"href":"https:\/\/diariodominicano.com\/index.php?rest_route=%2Fwp%2Fv2%2Fmedia&parent=254999"}],"wp:term":[{"taxonomy":"category","embeddable":true,"href":"https:\/\/diariodominicano.com\/index.php?rest_route=%2Fwp%2Fv2%2Fcategories&post=254999"},{"taxonomy":"post_tag","embeddable":true,"href":"https:\/\/diariodominicano.com\/index.php?rest_route=%2Fwp%2Fv2%2Ftags&post=254999"}],"curies":[{"name":"wp","href":"https:\/\/api.w.org\/{rel}","templated":true}]}}