{"id":254998,"date":"2015-03-16T13:25:06","date_gmt":"2015-03-16T13:25:06","guid":{"rendered":"http:\/\/diariodominicano.ddns.net\/?p=254998"},"modified":"2015-03-16T13:25:06","modified_gmt":"2015-03-16T13:25:06","slug":"manifestacion-contra-politica-de-dilma-rousseff","status":"publish","type":"post","link":"https:\/\/diariodominicano.com\/?p=254998","title":{"rendered":"&#13;Manifestaci\u00f3n contra pol\u00edtica de Dilma Rousseff"},"content":{"rendered":"<p><body><\/p>\n<p><img decoding=\"async\" src=\"img3\/bra 4.jpg\" \/><br \/><img decoding=\"async\" src=\"img3\/bra 2.jpg\" \/><br \/><img decoding=\"async\" src=\"img3\/bra 5.jpg\" \/>  <\/p>\n<p>R\u00edo de Janeiro, Brasil 16 marzo.- En el vest\u00edbulo de la estaci\u00f3n del metro Faria Lima, en S\u00e3o Paulo, al lado de la ventanilla de los billetes, una se\u00f1ora de unos 50 a\u00f1os vestida con la camiseta amarilla de la selecci\u00f3n brasile\u00f1a enarbola un cartel en el que arremete contra la corrupci\u00f3n de Petrobras, la marcha de la econom\u00eda y, sobre todo, contra la ?a su juicio? culpable de todo, la presidenta de Brasil, Dilma Rousseff. No dice nada. No grita nada. Ni siquiera se mueve hacia el and\u00e9n. Solo muestra el cartel. Un hombre de la misma edad vestido con ropas m\u00e1s pobres, de una clase social m\u00e1s baja, se dirige a ella y le dice: \u00abDilma no se va a ir porque ella no rob\u00f3\u00bb.<\/p>\n<\/p>\n<p>La se\u00f1ora del cartel mira al hombre y no le contesta, sigue muda con el cartel extendido durante un rato, con el gesto de alguien muy enfadado. Se llama Liliana, es psic\u00f3loga. \u00abDilma nos ha mentido. Pinta un pa\u00eds de color de rosa en la televisi\u00f3n. Dijo una cosa en la campa\u00f1a, y ahora hace otra. <\/p>\n<\/p>\n<p>Sube los impuestos. Y la luz. Y la educaci\u00f3n sigue muy mal, y el transporte, y todo. Me gustar\u00eda vivir en el pa\u00eds que ella describe. No pido su impeachment [destituci\u00f3n]. Pido que diga la verdad a la gente\u00bb. Despu\u00e9s, Liliana enrolla el cartel y se suma al r\u00edo inmenso de manifestantes que se dirige a la l\u00ednea que lleva a la Avenida Paulista, en el coraz\u00f3n de S\u00e3o Paulo, epicentro de la protesta contra Rousseff y su partido, el PT, en todo el pa\u00eds.<\/p>\n<\/p>\n<p>Un mill\u00f3n de personas solo en S\u00e3o Paulo, seg\u00fan la polic\u00eda, y 210.000 seg\u00fan el sistema de medici\u00f3n utilizado por el diario A Folha de S\u00e3o Paulo, a las que hay que sumar varias decenas de miles m\u00e1s repartidas por todo Brasil, salieron este domingo a la calle para gritar, sobre todo, \u00abFuera Dilma\u00bb. La de S\u00e3o Paulo constituye la m\u00e1s multitudinaria de la democracia brasile\u00f1a. Muchos, como la psic\u00f3loga del cartel, no piden directamente la destituci\u00f3n parlamentaria de la presidenta ?origen remoto de la protesta? sino que buscan expresar un rechazo a la marcha de un pa\u00eds y a la actitud de una presidenta.<\/p>\n<\/p>\n<p>Los manifestantes que este domingo abarrotaron la principal avenida de S\u00e3o Paulo pertenecen a las clases medias m\u00e1s educadas, mejor preparadas y m\u00e1s informadas del pa\u00eds. Son m\u00e9dicos, profesores, inform\u00e1ticos, vendedores, due\u00f1os de comercios, abogados propietarios de negocios o estudiantes, entre otros. La inmensa mayor\u00eda vest\u00eda la camiseta de la selecci\u00f3n nacional de f\u00fatbol y muchos se envolv\u00edan en banderas brasile\u00f1as. <\/p>\n<\/p>\n<p>Se quejaron de que el pa\u00eds coquetee con la recesi\u00f3n, se quejaron a\u00fan m\u00e1s de que el Gobierno haya subido los impuestos, haya ordenado recortes y haya engordado las tasas de la gasolina y de la luz. Pero, sobre todo, se quejaron de que la presidenta les ignore: \u00abEn el discurso del domingo pasado Rousseff dijo que la culpa de la crisis la tienen los otros pa\u00edses, no asumi\u00f3 sus culpas de la corrupci\u00f3n y dijo que hab\u00eda que hacer recortes cuando en la campa\u00f1a electoral ni los hab\u00eda mencionado. Nos toma por tontos. Y eso no\u00bb, dec\u00eda Jos\u00e9 Arm\u00e9nio, un vendedor de material quir\u00fargico de 35 a\u00f1os.<\/p>\n<\/p>\n<p>La mayor\u00eda de los asistentes pensaba igual. Otros recordaban que Rousseff hab\u00eda mencionado solo de pasada la corrupci\u00f3n que carcome la principal empresa del pa\u00eds, la petrolera Petrobras, como si ella no hubiera dirigido el pa\u00eds en los \u00faltimos cuatro a\u00f1os o no hubiera sido ministra de Energ\u00eda antes de eso.<\/p>\n<\/p>\n<p>El incontestable \u00e9xito de la manifestaci\u00f3n pone una pelota peligrosa en el tejado de un Gobierno ya de por s\u00ed atribulado. No ya por la petici\u00f3n de impeachment (pocos l\u00edderes pol\u00edticos de la oposici\u00f3n se muestran favorables por razones jur\u00eddicas y pol\u00edticas) sino por el enorme, creciente y p\u00fablico rechazo social ?o de esta parte de la sociedad? que experimenta Rousseff, reelegida ?por un extrecho margen? hace tan solo cinco meses. La legislatura va a ser dura. Hace dos d\u00edas, una marcha convocada por los sindicatos en apoyo a Rousseff congreg\u00f3 en S\u00e3o Paulo poco m\u00e1s de 40.000 personas. Y muchas de ellas se manifestaron, adem\u00e1s, en contra de las medidas del ministro de Econom\u00eda, el liberal Joaqu\u00edm Levy, el liberal art\u00edfice de los programas de ajuste.<\/p>\n<\/p>\n<p>As\u00ed, a la econom\u00eda atascada, a la pol\u00edtica enfangada (por la oposici\u00f3n del Congreso) y a la corrupci\u00f3n rampante, a Rousseff se le ha levantado un nuevo frente imprevisible: el de las protestas masivas callejeras. Y a juzgar por el n\u00famero de manifestantes que han salido a la calle, no va a detenerse aqu\u00ed.<\/p>\n<\/p>\n<h6> 2015-03-16 13:25:06 <\/h6>\n<p><!--\n<link rel=\"stylesheet\" href=\"css\/bootstrap.min.css\">\n\n\n<ul class=\"pagination\">\n\t    \n\t\n\n<li >\n\t<a href='?page_no=24642'>Previous<\/a>\n\t<\/li>\n\n\n       \n    \n\n<li><a href='?page_no=1'>1<\/a><\/li>\n\n\n\n<li><a href='?page_no=2'>2<\/a><\/li>\n\n\n\n<li><a>...<\/a><\/li>\n\n\n\n<li><a href='?page_no=24641'>24641<\/a><\/li>\n\n\n\n<li><a href='?page_no=24642'>24642<\/a><\/li>\n\n\n\n<li class='active'><a>24643<\/a><\/li>\n\n\n\n<li><a href='?page_no=24644'>24644<\/a><\/li>\n\n\n\n<li><a href='?page_no=24645'>24645<\/a><\/li>\n\n\n\n<li><a>...<\/a><\/li>\n\n\n\n<li><a href='?page_no=51012'>51012<\/a><\/li>\n\n\n\n<li><a href='?page_no=51013'>51013<\/a><\/li>\n\n    \n\t\n\n<li >\n\t<a href='?page_no=24644'>Next<\/a>\n\t<\/li>\n\n\n    \n\n<li><a href='?page_no=51013'>Last &rsaquo;&rsaquo;<\/a><\/li>\n\n<\/ul>\n\n\n--><br \/>\n<\/body><\/p>\n","protected":false},"excerpt":{"rendered":"<p>R\u00edo de Janeiro, Brasil 16 marzo.- En el vest\u00edbulo de la estaci\u00f3n del metro Faria Lima, en S\u00e3o Paulo, al lado de la ventanilla de los billetes, una se\u00f1ora de unos 50 a\u00f1os vestida con la camiseta amarilla de la selecci\u00f3n brasile\u00f1a enarbola un cartel en el que arremete contra la corrupci\u00f3n de Petrobras, la [&hellip;]<\/p>\n","protected":false},"author":3,"featured_media":0,"comment_status":"open","ping_status":"open","sticky":false,"template":"","format":"standard","meta":{"footnotes":""},"categories":[23],"tags":[],"class_list":["post-254998","post","type-post","status-publish","format-standard","hentry","category-internacional"],"_links":{"self":[{"href":"https:\/\/diariodominicano.com\/index.php?rest_route=\/wp\/v2\/posts\/254998","targetHints":{"allow":["GET"]}}],"collection":[{"href":"https:\/\/diariodominicano.com\/index.php?rest_route=\/wp\/v2\/posts"}],"about":[{"href":"https:\/\/diariodominicano.com\/index.php?rest_route=\/wp\/v2\/types\/post"}],"author":[{"embeddable":true,"href":"https:\/\/diariodominicano.com\/index.php?rest_route=\/wp\/v2\/users\/3"}],"replies":[{"embeddable":true,"href":"https:\/\/diariodominicano.com\/index.php?rest_route=%2Fwp%2Fv2%2Fcomments&post=254998"}],"version-history":[{"count":0,"href":"https:\/\/diariodominicano.com\/index.php?rest_route=\/wp\/v2\/posts\/254998\/revisions"}],"wp:attachment":[{"href":"https:\/\/diariodominicano.com\/index.php?rest_route=%2Fwp%2Fv2%2Fmedia&parent=254998"}],"wp:term":[{"taxonomy":"category","embeddable":true,"href":"https:\/\/diariodominicano.com\/index.php?rest_route=%2Fwp%2Fv2%2Fcategories&post=254998"},{"taxonomy":"post_tag","embeddable":true,"href":"https:\/\/diariodominicano.com\/index.php?rest_route=%2Fwp%2Fv2%2Ftags&post=254998"}],"curies":[{"name":"wp","href":"https:\/\/api.w.org\/{rel}","templated":true}]}}