{"id":254996,"date":"2015-03-16T14:11:01","date_gmt":"2015-03-16T14:11:01","guid":{"rendered":"http:\/\/diariodominicano.ddns.net\/?p=254996"},"modified":"2015-03-16T14:11:01","modified_gmt":"2015-03-16T14:11:01","slug":"ucrania-impone-incertidumbre-sobre-estatus-de-donbass","status":"publish","type":"post","link":"https:\/\/diariodominicano.com\/?p=254996","title":{"rendered":"&#13;Ucrania impone incertidumbre sobre estatus de Donbass"},"content":{"rendered":"<p><body><\/p>\n<p><img decoding=\"async\" src=\"img3\/petro-poroshenko.jpg\" \/>  <\/p>\n<p><span class=\"text1noticias\">\t\t<\/span><\/p>\n<p><span class=\"text1noticias\">  <\/span><\/p>\n<\/p>\n<p><span class=\"text1noticias\">Kiev, 16 mar (PL) La incertidumbre prevalece hoy en la insurrecta Rep\u00fablica Popular de Donetsk (RPD) respecto al proyecto de resoluci\u00f3n sobre el estatus del Donbass presentada al Parlamento por el presidente ucraniano, Petro Poroshenko, declar\u00f3 un portavoz del territorio rebelde. <\/span><\/p>\n<\/p>\n<p><span class=\"text1noticias\">Denis Pushilin, enviado especial de la RPD a las conversaciones de Minsk, afirm\u00f3 que mantener en secreto el contenido del texto relativo al estatus de algunos distritos del Donb\u00e1s contradice las normas parlamentarias y el esp\u00edritu abierto de las negociaciones.<\/span><\/p>\n<\/p>\n<p><span class=\"text1noticias\">Esta secretividad es muy extra\u00f1a y se contradice no solo con el esp\u00edritu transparente de los acuerdos pactados en la capital de Belar\u00fas, sino tambi\u00e9n con las reglas legislativas del Estado ucraniano, dijo en entrevista a la Agencia de Noticias de Donetsk.<\/span><\/p>\n<\/p>\n<p><span class=\"text1noticias\">Deplor\u00f3 Pushilin que nadie en la RPD ni en Ucrania ha visto el contenido del documento pendiente de aprobaci\u00f3n por la Suprema Rada (Parlamento unicameral).<\/span><\/p>\n<\/p>\n<p><span class=\"text1noticias\">Poroshenko introdujo en la c\u00e1mara legislativa en la madrugada de este domingo el texto que regula c\u00f3mo se aplicar\u00e1 la ley oficialmente denominada \u00abSobre procedimiento especial de autogobierno en determinadas regiones de las provincias de Donetsk y Lugansk\u00bb.<\/span><\/p>\n<\/p>\n<p><span class=\"text1noticias\">Esa norma fue aprobada por los diputados el 16 de septiembre \u00faltimo en virtud del protocolo rubricado en Minsk el 5 de ese mes por un representante de Kiev y los l\u00edderes de la Rep\u00fablica Popular de Lugansk (RPL) y la RPD.<\/span><\/p>\n<\/p>\n<p><span class=\"text1noticias\">De acuerdo con la hoja de ruta para la aplicaci\u00f3n de esos entendimientos, firmados el 12 de febrero en Minsk con el visto bueno de los l\u00edderes de Alemania, Francia, Rusia y Ucrania, Kiev deb\u00eda definir antes del 14 de marzo el territorio que abarca ese r\u00e9gimen especial.<\/span><\/p>\n<\/p>\n<p><span class=\"text1noticias\">Pavel Klimkin, canciller de Ucrania, admiti\u00f3 la v\u00edspera que posiblemente esta semana los diputados adopten una resoluci\u00f3n sobre el estatus especial para algunas zonas de Donetsk y Lugansk.<\/span><\/p>\n<\/p>\n<p><span class=\"text1noticias\">Dijo el ministro que durante la semana en curso se reunir\u00e1 el Parlamento y es posible esperar buenas noticias.<\/span><\/p>\n<\/p>\n<p><span class=\"text1noticias\">Sin embargo, aclar\u00f3 que cualquier negociaci\u00f3n sobre ese estatus no ser\u00e1 directamente entre el Gobierno y los milicianos sino a trav\u00e9s del grupo de Contacto (el expresidente Leonid Kuchm\u00e1 en representaci\u00f3n de Kiev y los enviados de la RPD y la RPL con la mediaci\u00f3n de Rusia y la Organizaci\u00f3n para la Seguridad y la Cooperaci\u00f3n en Europa (OSCE).<\/span><\/p>\n<\/p>\n<p><span class=\"text1noticias\">No habl\u00f3 Klimkin de independencia, federalizaci\u00f3n ni autonom\u00eda, sino de \u00abdescentralizaci\u00f3n al estilo polaco y europeo, de la comuna a las regiones\u00bb, muy diferente a las exigencias de los rebeldes.<\/span><\/p>\n<\/p>\n<p><span class=\"text1noticias\">Pushilin, en tanto, ratific\u00f3 que no tiene sentido que el Grupo de Contacto sesione antes de que el Parlamento de Ucrania defina el estatus especial en el Donb\u00e1s.<\/span><\/p>\n<\/p>\n<h6> 2015-03-16 14:11:01 <\/h6>\n<p><!--\n<link rel=\"stylesheet\" href=\"css\/bootstrap.min.css\">\n\n\n<ul class=\"pagination\">\n\t    \n\t\n\n<li >\n\t<a href='?page_no=24640'>Previous<\/a>\n\t<\/li>\n\n\n       \n    \n\n<li><a href='?page_no=1'>1<\/a><\/li>\n\n\n\n<li><a href='?page_no=2'>2<\/a><\/li>\n\n\n\n<li><a>...<\/a><\/li>\n\n\n\n<li><a href='?page_no=24639'>24639<\/a><\/li>\n\n\n\n<li><a href='?page_no=24640'>24640<\/a><\/li>\n\n\n\n<li class='active'><a>24641<\/a><\/li>\n\n\n\n<li><a href='?page_no=24642'>24642<\/a><\/li>\n\n\n\n<li><a href='?page_no=24643'>24643<\/a><\/li>\n\n\n\n<li><a>...<\/a><\/li>\n\n\n\n<li><a href='?page_no=51012'>51012<\/a><\/li>\n\n\n\n<li><a href='?page_no=51013'>51013<\/a><\/li>\n\n    \n\t\n\n<li >\n\t<a href='?page_no=24642'>Next<\/a>\n\t<\/li>\n\n\n    \n\n<li><a href='?page_no=51013'>Last &rsaquo;&rsaquo;<\/a><\/li>\n\n<\/ul>\n\n\n--><br \/>\n<\/body><\/p>\n","protected":false},"excerpt":{"rendered":"<p>Kiev, 16 mar (PL) La incertidumbre prevalece hoy en la insurrecta Rep\u00fablica Popular de Donetsk (RPD) respecto al proyecto de resoluci\u00f3n sobre el estatus del Donbass presentada al Parlamento por el presidente ucraniano, Petro Poroshenko, declar\u00f3 un portavoz del territorio rebelde. Denis Pushilin, enviado especial de la RPD a las conversaciones de Minsk, afirm\u00f3 que [&hellip;]<\/p>\n","protected":false},"author":3,"featured_media":0,"comment_status":"open","ping_status":"open","sticky":false,"template":"","format":"standard","meta":{"footnotes":""},"categories":[23],"tags":[],"class_list":["post-254996","post","type-post","status-publish","format-standard","hentry","category-internacional"],"_links":{"self":[{"href":"https:\/\/diariodominicano.com\/index.php?rest_route=\/wp\/v2\/posts\/254996","targetHints":{"allow":["GET"]}}],"collection":[{"href":"https:\/\/diariodominicano.com\/index.php?rest_route=\/wp\/v2\/posts"}],"about":[{"href":"https:\/\/diariodominicano.com\/index.php?rest_route=\/wp\/v2\/types\/post"}],"author":[{"embeddable":true,"href":"https:\/\/diariodominicano.com\/index.php?rest_route=\/wp\/v2\/users\/3"}],"replies":[{"embeddable":true,"href":"https:\/\/diariodominicano.com\/index.php?rest_route=%2Fwp%2Fv2%2Fcomments&post=254996"}],"version-history":[{"count":0,"href":"https:\/\/diariodominicano.com\/index.php?rest_route=\/wp\/v2\/posts\/254996\/revisions"}],"wp:attachment":[{"href":"https:\/\/diariodominicano.com\/index.php?rest_route=%2Fwp%2Fv2%2Fmedia&parent=254996"}],"wp:term":[{"taxonomy":"category","embeddable":true,"href":"https:\/\/diariodominicano.com\/index.php?rest_route=%2Fwp%2Fv2%2Fcategories&post=254996"},{"taxonomy":"post_tag","embeddable":true,"href":"https:\/\/diariodominicano.com\/index.php?rest_route=%2Fwp%2Fv2%2Ftags&post=254996"}],"curies":[{"name":"wp","href":"https:\/\/api.w.org\/{rel}","templated":true}]}}