{"id":254995,"date":"2015-03-16T14:20:30","date_gmt":"2015-03-16T14:20:30","guid":{"rendered":"http:\/\/diariodominicano.ddns.net\/?p=254995"},"modified":"2015-03-16T14:20:30","modified_gmt":"2015-03-16T14:20:30","slug":"comision-asesora-enriquecera-proceso-para-la-paz-de-colombia-santos","status":"publish","type":"post","link":"https:\/\/diariodominicano.com\/?p=254995","title":{"rendered":"&#13;&#13;Comisi\u00f3n asesora enriquecer\u00e1 proceso para la paz de Colombia: Santos\t\t\t&#13;"},"content":{"rendered":"<p><body><\/p>\n<p><img decoding=\"async\" src=\"img3\/manuelsantoscolombia.jpg\" \/>  <\/p>\n<\/p>\n<p><span class=\"text1noticias\">\t<\/span><\/p>\n<p><span class=\"text1noticias\">  <\/span><\/p>\n<\/p>\n<p><span class=\"text1noticias\">Durante una comparecencia televisiva, el mandatario explic\u00f3 que el grupo estar\u00e1 integrado por personas de diferentes sectores y con opiniones diversas, a fin de fortalecer los esfuerzos pacificadores.<\/span><\/p>\n<\/p>\n<p><span class=\"text1noticias\">Representantes gubernamentales y de las Fuerzas Armadas Revolucionarias de Colombia-Ej\u00e9rcito del Pueblo (FARC-EP) dialogan en Cuba desde 2012 para hallar una salida negociada a la guerra, la cual ha perjudicado de forma directa a 6,8 millones de ciudadanos en el transcurso de m\u00e1s de medio siglo.<\/span><\/p>\n<\/p>\n<p><span class=\"text1noticias\">En tanto el Ejecutivo proyecta iniciar conversaciones oficiales con el Ej\u00e9rcito de Liberaci\u00f3n Nacional (ELN), otro de los grupos insurgentes activos en el pa\u00eds.<\/span><\/p>\n<\/p>\n<p><span class=\"text1noticias\">La idea es rodearme de gente que pueda aportar al empe\u00f1o de lograr la paz, personalidades afines con mi administraci\u00f3n y tambi\u00e9n otras detractoras de las pl\u00e1ticas y que han manifestado abiertamente sus cr\u00edticas al Gobierno, precis\u00f3 el jefe de Estado durante el programa Agenda Colombia.<\/span><\/p>\n<\/p>\n<p><span class=\"text1noticias\">Seg\u00fan Santos el objetivo primordial es escuchar sus opiniones y generar un mayor consenso en torno a las gestiones para finalizar la confrontaci\u00f3n interna, no somos infalibles, dijo.<\/span><\/p>\n<\/p>\n<p><span class=\"text1noticias\">Tal comisi\u00f3n se reunir\u00e1 por primera vez este lunes y su conformaci\u00f3n coincide con una etapa crucial de las negociaciones en La Habana.<\/span><\/p>\n<\/p>\n<p><span class=\"text1noticias\">Las delegaciones del Gobierno y las FARC-EP lograron pactos en los temas de reforma rural integral, participaci\u00f3n pol\u00edtica y drogas il\u00edcitas, restan ahora los puntos referidos a la reparaci\u00f3n a las v\u00edctimas de la conflagraci\u00f3n y al fin del conflicto, el cual incluye dejaci\u00f3n de las armas, desmovilizaci\u00f3n y reintegraci\u00f3n a la sociedad de los guerrilleros.<\/span><\/p>\n<\/p>\n<p><span class=\"text1noticias\">En la entrevista el gobernante reiter\u00f3 la idea de que la paz es patrimonio de los colombianos, por lo que requiere el concurso de todos.<\/span><\/p>\n<\/p>\n<h6> 2015-03-16 14:20:30 <\/h6>\n<p><!--\n<link rel=\"stylesheet\" href=\"css\/bootstrap.min.css\">\n\n\n<ul class=\"pagination\">\n\t    \n\t\n\n<li >\n\t<a href='?page_no=24639'>Previous<\/a>\n\t<\/li>\n\n\n       \n    \n\n<li><a href='?page_no=1'>1<\/a><\/li>\n\n\n\n<li><a href='?page_no=2'>2<\/a><\/li>\n\n\n\n<li><a>...<\/a><\/li>\n\n\n\n<li><a href='?page_no=24638'>24638<\/a><\/li>\n\n\n\n<li><a href='?page_no=24639'>24639<\/a><\/li>\n\n\n\n<li class='active'><a>24640<\/a><\/li>\n\n\n\n<li><a href='?page_no=24641'>24641<\/a><\/li>\n\n\n\n<li><a href='?page_no=24642'>24642<\/a><\/li>\n\n\n\n<li><a>...<\/a><\/li>\n\n\n\n<li><a href='?page_no=51012'>51012<\/a><\/li>\n\n\n\n<li><a href='?page_no=51013'>51013<\/a><\/li>\n\n    \n\t\n\n<li >\n\t<a href='?page_no=24641'>Next<\/a>\n\t<\/li>\n\n\n    \n\n<li><a href='?page_no=51013'>Last &rsaquo;&rsaquo;<\/a><\/li>\n\n<\/ul>\n\n\n--><br \/>\n<\/body><\/p>\n","protected":false},"excerpt":{"rendered":"<p>Durante una comparecencia televisiva, el mandatario explic\u00f3 que el grupo estar\u00e1 integrado por personas de diferentes sectores y con opiniones diversas, a fin de fortalecer los esfuerzos pacificadores. Representantes gubernamentales y de las Fuerzas Armadas Revolucionarias de Colombia-Ej\u00e9rcito del Pueblo (FARC-EP) dialogan en Cuba desde 2012 para hallar una salida negociada a la guerra, la [&hellip;]<\/p>\n","protected":false},"author":3,"featured_media":0,"comment_status":"open","ping_status":"open","sticky":false,"template":"","format":"standard","meta":{"footnotes":""},"categories":[23],"tags":[],"class_list":["post-254995","post","type-post","status-publish","format-standard","hentry","category-internacional"],"_links":{"self":[{"href":"https:\/\/diariodominicano.com\/index.php?rest_route=\/wp\/v2\/posts\/254995","targetHints":{"allow":["GET"]}}],"collection":[{"href":"https:\/\/diariodominicano.com\/index.php?rest_route=\/wp\/v2\/posts"}],"about":[{"href":"https:\/\/diariodominicano.com\/index.php?rest_route=\/wp\/v2\/types\/post"}],"author":[{"embeddable":true,"href":"https:\/\/diariodominicano.com\/index.php?rest_route=\/wp\/v2\/users\/3"}],"replies":[{"embeddable":true,"href":"https:\/\/diariodominicano.com\/index.php?rest_route=%2Fwp%2Fv2%2Fcomments&post=254995"}],"version-history":[{"count":0,"href":"https:\/\/diariodominicano.com\/index.php?rest_route=\/wp\/v2\/posts\/254995\/revisions"}],"wp:attachment":[{"href":"https:\/\/diariodominicano.com\/index.php?rest_route=%2Fwp%2Fv2%2Fmedia&parent=254995"}],"wp:term":[{"taxonomy":"category","embeddable":true,"href":"https:\/\/diariodominicano.com\/index.php?rest_route=%2Fwp%2Fv2%2Fcategories&post=254995"},{"taxonomy":"post_tag","embeddable":true,"href":"https:\/\/diariodominicano.com\/index.php?rest_route=%2Fwp%2Fv2%2Ftags&post=254995"}],"curies":[{"name":"wp","href":"https:\/\/api.w.org\/{rel}","templated":true}]}}