{"id":254994,"date":"2015-03-16T14:33:09","date_gmt":"2015-03-16T14:33:09","guid":{"rendered":"http:\/\/diariodominicano.ddns.net\/?p=254994"},"modified":"2015-03-16T14:33:09","modified_gmt":"2015-03-16T14:33:09","slug":"cristianos-pakistanies-repudian-en-las-calles-ataques-a-iglesias","status":"publish","type":"post","link":"https:\/\/diariodominicano.com\/?p=254994","title":{"rendered":"&#13;&#13;&#13;&#13;Cristianos pakistan\u00edes repudian en las calles ataques a iglesias\t\t\t&#13;"},"content":{"rendered":"<p><body><\/p>\n<p><img decoding=\"async\" src=\"img3\/atentado-igleasia-pakistan.jpg\" \/>  <\/p>\n<\/p>\n<p>Islamabad, 16 mar (PL) Miles de cristianos pakistan\u00edes volvieron a salir hoy a las calles para repudiar el ataques de la v\u00edspera a dos iglesias de la nororiental ciudad de Lahore, que dejaron 15 muertos y alrededor de 80 heridos.<\/p>\n<\/p>\n<p>Las protestas m\u00e1s en\u00e9rgicas tienen por escenario precisamente a Lahore, en cuyo barrio de Youhanabad -donde viven m\u00e1s de 100 mil cristianos -tuvieron lugar los dos atentados con bombas a sendos templos cat\u00f3licos por parte de militantes suicidas del grupo talib\u00e1n Jamaat-ul-Ahrar.<\/p>\n<\/p>\n<p>En esa urbe, una de las mayores de Pakist\u00e1n, las manifestaciones en las calles reunieron este lunes a m\u00e1s de seis mil personas, muchas de ellas llegadas de localidades vecinas.<\/p>\n<\/p>\n<p>La polic\u00eda local ha reportado algunos actos violentos como destrucci\u00f3n de veh\u00edculos, quema de neum\u00e1ticos y cortes de carretera, para llamar la atenci\u00f3n sobre la frecuencia con que son atacados los cristianos en este pa\u00eds de credo musulm\u00e1n donde apenas representan el dos por ciento de sus 180 millones de habitantes.<\/p>\n<\/p>\n<p>Ayer, tras ofrecer sus condolencias a los familiares de las v\u00edctimas y prometerles que se har\u00e1 justicia, el primer ministro Nawaz Sharif prometi\u00f3 que la guerra al terrorismo continuar\u00e1 hasta liquidar a sus responsables.<\/p>\n<\/p>\n<p>Este lunes tambi\u00e9n se efectuaron manifestaciones contra los atentados a la iglesia en otras importantes ciudades, las mayores de ellas en la de Faisalabad. Ayer, aparte de las de Lahore, las protestas m\u00e1s masivas tuvieron lugar en Karachi (sur), Peshawar (noroeste), Multan y Quetta (suroeste).<\/p>\n<\/p>\n<p>Las gobernaciones de todas las provincias del pa\u00eds declararon al lunes d\u00eda de duelo, mientras el obispo de Pakist\u00e1n, Sadiq Daniel, expres\u00f3 su dolor por los hechos y confirm\u00f3 que todas las escuelas misioneras permanecen cerradas en repulsa al ataque.<\/p>\n<\/p>\n<p>Este fue el m\u00e1s grave desde septiembre del 2013, cuando tambi\u00e9n otros dos suicidas se inmolaron ante sendas iglesias en Peshawar y mataron a 82 personas.<\/p>\n<h6> 2015-03-16 14:33:09 <\/h6>\n<p><!--\n<link rel=\"stylesheet\" href=\"css\/bootstrap.min.css\">\n\n\n<ul class=\"pagination\">\n\t    \n\t\n\n<li >\n\t<a href='?page_no=24638'>Previous<\/a>\n\t<\/li>\n\n\n       \n    \n\n<li><a href='?page_no=1'>1<\/a><\/li>\n\n\n\n<li><a href='?page_no=2'>2<\/a><\/li>\n\n\n\n<li><a>...<\/a><\/li>\n\n\n\n<li><a href='?page_no=24637'>24637<\/a><\/li>\n\n\n\n<li><a href='?page_no=24638'>24638<\/a><\/li>\n\n\n\n<li class='active'><a>24639<\/a><\/li>\n\n\n\n<li><a href='?page_no=24640'>24640<\/a><\/li>\n\n\n\n<li><a href='?page_no=24641'>24641<\/a><\/li>\n\n\n\n<li><a>...<\/a><\/li>\n\n\n\n<li><a href='?page_no=51012'>51012<\/a><\/li>\n\n\n\n<li><a href='?page_no=51013'>51013<\/a><\/li>\n\n    \n\t\n\n<li >\n\t<a href='?page_no=24640'>Next<\/a>\n\t<\/li>\n\n\n    \n\n<li><a href='?page_no=51013'>Last &rsaquo;&rsaquo;<\/a><\/li>\n\n<\/ul>\n\n\n--><br \/>\n<\/body><\/p>\n","protected":false},"excerpt":{"rendered":"<p>Islamabad, 16 mar (PL) Miles de cristianos pakistan\u00edes volvieron a salir hoy a las calles para repudiar el ataques de la v\u00edspera a dos iglesias de la nororiental ciudad de Lahore, que dejaron 15 muertos y alrededor de 80 heridos. Las protestas m\u00e1s en\u00e9rgicas tienen por escenario precisamente a Lahore, en cuyo barrio de Youhanabad [&hellip;]<\/p>\n","protected":false},"author":3,"featured_media":0,"comment_status":"open","ping_status":"open","sticky":false,"template":"","format":"standard","meta":{"footnotes":""},"categories":[23],"tags":[],"class_list":["post-254994","post","type-post","status-publish","format-standard","hentry","category-internacional"],"_links":{"self":[{"href":"https:\/\/diariodominicano.com\/index.php?rest_route=\/wp\/v2\/posts\/254994","targetHints":{"allow":["GET"]}}],"collection":[{"href":"https:\/\/diariodominicano.com\/index.php?rest_route=\/wp\/v2\/posts"}],"about":[{"href":"https:\/\/diariodominicano.com\/index.php?rest_route=\/wp\/v2\/types\/post"}],"author":[{"embeddable":true,"href":"https:\/\/diariodominicano.com\/index.php?rest_route=\/wp\/v2\/users\/3"}],"replies":[{"embeddable":true,"href":"https:\/\/diariodominicano.com\/index.php?rest_route=%2Fwp%2Fv2%2Fcomments&post=254994"}],"version-history":[{"count":0,"href":"https:\/\/diariodominicano.com\/index.php?rest_route=\/wp\/v2\/posts\/254994\/revisions"}],"wp:attachment":[{"href":"https:\/\/diariodominicano.com\/index.php?rest_route=%2Fwp%2Fv2%2Fmedia&parent=254994"}],"wp:term":[{"taxonomy":"category","embeddable":true,"href":"https:\/\/diariodominicano.com\/index.php?rest_route=%2Fwp%2Fv2%2Fcategories&post=254994"},{"taxonomy":"post_tag","embeddable":true,"href":"https:\/\/diariodominicano.com\/index.php?rest_route=%2Fwp%2Fv2%2Ftags&post=254994"}],"curies":[{"name":"wp","href":"https:\/\/api.w.org\/{rel}","templated":true}]}}