{"id":254992,"date":"2015-03-16T14:43:31","date_gmt":"2015-03-16T14:43:31","guid":{"rendered":"http:\/\/diariodominicano.ddns.net\/?p=254992"},"modified":"2015-03-16T14:43:31","modified_gmt":"2015-03-16T14:43:31","slug":"refuerza-junta-militar-de-tailandia-medidas-de-seguridad","status":"publish","type":"post","link":"https:\/\/diariodominicano.com\/?p=254992","title":{"rendered":"&#13;&#13;Refuerza junta militar de Tailandia medidas de seguridad\t\t\t&#13;"},"content":{"rendered":"<p><body><\/p>\n<p><img decoding=\"async\" src=\"img3\/tailandia_militares.jpg\" \/>  <\/p>\n<\/p>\n<p>Bangkok, 16 mar (PL) La polic\u00eda y el ej\u00e9rcito de Tailandia reforzaron las medidas de seguridad en unas 100 localidades del pa\u00eds, despu\u00e9s de dos estallidos de bombas registrados aqu\u00ed, seg\u00fan confirm\u00f3 hoy un portavoz de la junta militar gobernante.<\/p>\n<\/p>\n<p>En nombre del regente Consejo Nacional para la Paz y el Orden, el coronel Winthai Suvari, declar\u00f3 que se est\u00e1 vigilando estrechamente la situaci\u00f3n, en un intento por contrarrestar el temor p\u00fablico de un resurgimiento de ataques violentos.<\/p>\n<\/p>\n<p>Hace pocos d\u00edas se report\u00f3 el lanzamiento de una granada contra la Corte Suprema Criminal, y seg\u00fan un parte policial, sospechosos arrestados dijeron pertenecer a un grupo que ha planeado acciones similares en 100 importantes urbes del pa\u00eds.<\/p>\n<\/p>\n<p>En la informaci\u00f3n difundida se concluye en que este \u00faltimo incidente tuvo relaci\u00f3n con la detonaci\u00f3n de explosivos en un centro comercial en Bangkok, en febrero pasado.<\/p>\n<\/p>\n<p>A su vez el vocero de la polic\u00eda, general Prawut Thawornsiri dijo que se increment\u00f3 el patrullaje del cuerpo en los destinos tur\u00edsticos al tiempo que desestim\u00f3 los rumores que \u00e1reas de negocios y tiendas ser\u00e1n objetivos de ataques.<\/p>\n<\/p>\n<p>Por otra parte la junta militar impidi\u00f3 el domingo una marcha de 50 kil\u00f3metros de un denominado grupo de Ciudadanos Resistentes en reclamo de que las causas abiertas contra civiles se ventilen en cortes de justicia ordinarias en lugar de las militares.<\/p>\n<\/p>\n<p>Winthai amenaz\u00f3 a \u00abquienes siguen sin entender\u00bb, que enfrentar\u00e1n acciones legales si violan la ley, en referencia a la ley marcial impuesta por el poder de facto, que proh\u00edbe reuniones que considere pol\u00edticas y censura a medios cr\u00edticos.<\/p>\n<\/p>\n<p>Sobre este instrumento golpista vigente inversores se\u00f1alaron la contrariedad de su permanencia al mismo tiempo que se impulsa el establecimiento de zonas econ\u00f3micas especiales en las fronteras.<\/p>\n<\/p>\n<p>El vicepresidente de este programa, en cinco \u00e1reas geogr\u00e1ficas identificadas, Prasit Sangrungruend afirm\u00f3 que la ley marcial constituye un obst\u00e1culo y cuanto menos una ambig\u00fcedad en el plan de desarrollo.<\/p>\n<\/p>\n<h6> 2015-03-16 14:43:31 <\/h6>\n<p><!--\n<link rel=\"stylesheet\" href=\"css\/bootstrap.min.css\">\n\n\n<ul class=\"pagination\">\n\t    \n\t\n\n<li >\n\t<a href='?page_no=24636'>Previous<\/a>\n\t<\/li>\n\n\n       \n    \n\n<li><a href='?page_no=1'>1<\/a><\/li>\n\n\n\n<li><a href='?page_no=2'>2<\/a><\/li>\n\n\n\n<li><a>...<\/a><\/li>\n\n\n\n<li><a href='?page_no=24635'>24635<\/a><\/li>\n\n\n\n<li><a href='?page_no=24636'>24636<\/a><\/li>\n\n\n\n<li class='active'><a>24637<\/a><\/li>\n\n\n\n<li><a href='?page_no=24638'>24638<\/a><\/li>\n\n\n\n<li><a href='?page_no=24639'>24639<\/a><\/li>\n\n\n\n<li><a>...<\/a><\/li>\n\n\n\n<li><a href='?page_no=51012'>51012<\/a><\/li>\n\n\n\n<li><a href='?page_no=51013'>51013<\/a><\/li>\n\n    \n\t\n\n<li >\n\t<a href='?page_no=24638'>Next<\/a>\n\t<\/li>\n\n\n    \n\n<li><a href='?page_no=51013'>Last &rsaquo;&rsaquo;<\/a><\/li>\n\n<\/ul>\n\n\n--><br \/>\n<\/body><\/p>\n","protected":false},"excerpt":{"rendered":"<p>Bangkok, 16 mar (PL) La polic\u00eda y el ej\u00e9rcito de Tailandia reforzaron las medidas de seguridad en unas 100 localidades del pa\u00eds, despu\u00e9s de dos estallidos de bombas registrados aqu\u00ed, seg\u00fan confirm\u00f3 hoy un portavoz de la junta militar gobernante. En nombre del regente Consejo Nacional para la Paz y el Orden, el coronel Winthai [&hellip;]<\/p>\n","protected":false},"author":3,"featured_media":0,"comment_status":"open","ping_status":"open","sticky":false,"template":"","format":"standard","meta":{"footnotes":""},"categories":[23],"tags":[],"class_list":["post-254992","post","type-post","status-publish","format-standard","hentry","category-internacional"],"_links":{"self":[{"href":"https:\/\/diariodominicano.com\/index.php?rest_route=\/wp\/v2\/posts\/254992","targetHints":{"allow":["GET"]}}],"collection":[{"href":"https:\/\/diariodominicano.com\/index.php?rest_route=\/wp\/v2\/posts"}],"about":[{"href":"https:\/\/diariodominicano.com\/index.php?rest_route=\/wp\/v2\/types\/post"}],"author":[{"embeddable":true,"href":"https:\/\/diariodominicano.com\/index.php?rest_route=\/wp\/v2\/users\/3"}],"replies":[{"embeddable":true,"href":"https:\/\/diariodominicano.com\/index.php?rest_route=%2Fwp%2Fv2%2Fcomments&post=254992"}],"version-history":[{"count":0,"href":"https:\/\/diariodominicano.com\/index.php?rest_route=\/wp\/v2\/posts\/254992\/revisions"}],"wp:attachment":[{"href":"https:\/\/diariodominicano.com\/index.php?rest_route=%2Fwp%2Fv2%2Fmedia&parent=254992"}],"wp:term":[{"taxonomy":"category","embeddable":true,"href":"https:\/\/diariodominicano.com\/index.php?rest_route=%2Fwp%2Fv2%2Fcategories&post=254992"},{"taxonomy":"post_tag","embeddable":true,"href":"https:\/\/diariodominicano.com\/index.php?rest_route=%2Fwp%2Fv2%2Ftags&post=254992"}],"curies":[{"name":"wp","href":"https:\/\/api.w.org\/{rel}","templated":true}]}}