{"id":254989,"date":"2015-03-16T14:58:07","date_gmt":"2015-03-16T14:58:07","guid":{"rendered":"http:\/\/diariodominicano.ddns.net\/?p=254989"},"modified":"2015-03-16T14:58:07","modified_gmt":"2015-03-16T14:58:07","slug":"onu-condena-ataques-terroristas-en-pakistan-contra-cristianos","status":"publish","type":"post","link":"https:\/\/diariodominicano.com\/?p=254989","title":{"rendered":"&#13;&#13;&#13;ONU condena ataques terroristas en Pakist\u00e1n contra cristianos\t\t\t&#13;"},"content":{"rendered":"<p><body><\/p>\n<p><img decoding=\"async\" src=\"img3\/ban-ki-moon1.jpg\" \/>  <\/p>\n<\/p>\n<p><span class=\"text1noticias\">Naciones Unidas, 16 mar (PL) El secretario general de Naciones Unidas, Ban Ki-moon, conden\u00f3 hoy en fuertes t\u00e9rminos los ataques terroristas de la v\u00edspera contra dos iglesias cristianas en Pakist\u00e1n, donde murieron al menos 15 personas y casi 80 resultaron heridas.<\/span><\/p>\n<\/p>\n<p><span class=\"text1noticias\">En una declaraci\u00f3n circulada aqu\u00ed por la Oficina de su Portavoz, el diplom\u00e1tico transmiti\u00f3 sus condolencias a los familiares de las v\u00edctimas y al pueblo y gobierno paquistan\u00edes, e inst\u00f3 a las autoridades a llevar con rapidez ante la justicia a los responsables.<\/span><\/p>\n<\/p>\n<p><span class=\"text1noticias\">Ban pidi\u00f3 al Gobierno \u00abhacer todo lo posible para prevenir atentados contra lugares de culto y proteger a las minor\u00edas religiosas\u00bb.<\/span><\/p>\n<\/p>\n<p><span class=\"text1noticias\">Dos militantes del grupo talib\u00e1n Jamaat-ul-Ahrar detonaron explosivos adheridos a su cuerpo en iglesias separadas unos 500 metros entre s\u00ed, en la oriental ciudad de Lahore, en el momento de los servicios matutinos del domingo.<\/span><\/p>\n<\/p>\n<p><span class=\"text1noticias\">Para el Secretario General, genera mucha preocupaci\u00f3n que el talib\u00e1n paquistan\u00ed reclamara la responsabilidad de los ataques y amenazara con cometer en el futuro similares atrocidades.<\/span><\/p>\n<p><span class=\"text1noticias\">ONU condena ataques terroristas en Pakist\u00e1n contra cristianos\t\t\t<\/span><\/p>\n<p><span class=\"text1noticias\">  <\/span><\/p>\n<\/p>\n<p><span class=\"text1noticias\">Naciones Unidas, 16 mar (PL) El secretario general de Naciones Unidas, Ban Ki-moon, conden\u00f3 hoy en fuertes t\u00e9rminos los ataques terroristas de la v\u00edspera contra dos iglesias cristianas en Pakist\u00e1n, donde murieron al menos 15 personas y casi 80 resultaron heridas.<\/span><\/p>\n<p><span class=\"text1noticias\">En una declaraci\u00f3n circulada aqu\u00ed por la Oficina de su Portavoz, el diplom\u00e1tico transmiti\u00f3 sus condolencias a los familiares de las v\u00edctimas y al pueblo y gobierno paquistan\u00edes, e inst\u00f3 a las autoridades a llevar con rapidez ante la justicia a los responsables.<\/span><\/p>\n<\/p>\n<p><span class=\"text1noticias\">Ban pidi\u00f3 al Gobierno \u00abhacer todo lo posible para prevenir atentados contra lugares de culto y proteger a las minor\u00edas religiosas\u00bb.<\/span><\/p>\n<\/p>\n<p><span class=\"text1noticias\">Dos militantes del grupo talib\u00e1n Jamaat-ul-Ahrar detonaron explosivos adheridos a su cuerpo en iglesias separadas unos 500 metros entre s\u00ed, en la oriental ciudad de Lahore, en el momento de los servicios matutinos del domingo.<\/span><\/p>\n<\/p>\n<p><span class=\"text1noticias\">Para el Secretario General, genera mucha preocupaci\u00f3n que el talib\u00e1n paquistan\u00ed reclamara la responsabilidad de los ataques y amenazara con cometer en el futuro similares atrocidades.<\/span><\/p>\n<h6> 2015-03-16 14:58:07 <\/h6>\n<p><!--\n<link rel=\"stylesheet\" href=\"css\/bootstrap.min.css\">\n\n\n<ul class=\"pagination\">\n\t    \n\t\n\n<li >\n\t<a href='?page_no=24633'>Previous<\/a>\n\t<\/li>\n\n\n       \n    \n\n<li><a href='?page_no=1'>1<\/a><\/li>\n\n\n\n<li><a href='?page_no=2'>2<\/a><\/li>\n\n\n\n<li><a>...<\/a><\/li>\n\n\n\n<li><a href='?page_no=24632'>24632<\/a><\/li>\n\n\n\n<li><a href='?page_no=24633'>24633<\/a><\/li>\n\n\n\n<li class='active'><a>24634<\/a><\/li>\n\n\n\n<li><a href='?page_no=24635'>24635<\/a><\/li>\n\n\n\n<li><a href='?page_no=24636'>24636<\/a><\/li>\n\n\n\n<li><a>...<\/a><\/li>\n\n\n\n<li><a href='?page_no=51012'>51012<\/a><\/li>\n\n\n\n<li><a href='?page_no=51013'>51013<\/a><\/li>\n\n    \n\t\n\n<li >\n\t<a href='?page_no=24635'>Next<\/a>\n\t<\/li>\n\n\n    \n\n<li><a href='?page_no=51013'>Last &rsaquo;&rsaquo;<\/a><\/li>\n\n<\/ul>\n\n\n--><br \/>\n<\/body><\/p>\n","protected":false},"excerpt":{"rendered":"<p>Naciones Unidas, 16 mar (PL) El secretario general de Naciones Unidas, Ban Ki-moon, conden\u00f3 hoy en fuertes t\u00e9rminos los ataques terroristas de la v\u00edspera contra dos iglesias cristianas en Pakist\u00e1n, donde murieron al menos 15 personas y casi 80 resultaron heridas. En una declaraci\u00f3n circulada aqu\u00ed por la Oficina de su Portavoz, el diplom\u00e1tico transmiti\u00f3 [&hellip;]<\/p>\n","protected":false},"author":3,"featured_media":0,"comment_status":"open","ping_status":"open","sticky":false,"template":"","format":"standard","meta":{"footnotes":""},"categories":[23],"tags":[],"class_list":["post-254989","post","type-post","status-publish","format-standard","hentry","category-internacional"],"_links":{"self":[{"href":"https:\/\/diariodominicano.com\/index.php?rest_route=\/wp\/v2\/posts\/254989","targetHints":{"allow":["GET"]}}],"collection":[{"href":"https:\/\/diariodominicano.com\/index.php?rest_route=\/wp\/v2\/posts"}],"about":[{"href":"https:\/\/diariodominicano.com\/index.php?rest_route=\/wp\/v2\/types\/post"}],"author":[{"embeddable":true,"href":"https:\/\/diariodominicano.com\/index.php?rest_route=\/wp\/v2\/users\/3"}],"replies":[{"embeddable":true,"href":"https:\/\/diariodominicano.com\/index.php?rest_route=%2Fwp%2Fv2%2Fcomments&post=254989"}],"version-history":[{"count":0,"href":"https:\/\/diariodominicano.com\/index.php?rest_route=\/wp\/v2\/posts\/254989\/revisions"}],"wp:attachment":[{"href":"https:\/\/diariodominicano.com\/index.php?rest_route=%2Fwp%2Fv2%2Fmedia&parent=254989"}],"wp:term":[{"taxonomy":"category","embeddable":true,"href":"https:\/\/diariodominicano.com\/index.php?rest_route=%2Fwp%2Fv2%2Fcategories&post=254989"},{"taxonomy":"post_tag","embeddable":true,"href":"https:\/\/diariodominicano.com\/index.php?rest_route=%2Fwp%2Fv2%2Ftags&post=254989"}],"curies":[{"name":"wp","href":"https:\/\/api.w.org\/{rel}","templated":true}]}}