{"id":254986,"date":"2015-03-16T19:10:36","date_gmt":"2015-03-16T19:10:36","guid":{"rendered":"http:\/\/diariodominicano.ddns.net\/?p=254986"},"modified":"2015-03-16T19:10:36","modified_gmt":"2015-03-16T19:10:36","slug":"democracia-brasilena-es-impermeable-al-golpismo-afirma-rousseff","status":"publish","type":"post","link":"https:\/\/diariodominicano.com\/?p=254986","title":{"rendered":"Democracia brasile\u00f1a es impermeable al golpismo, afirma Rousseff"},"content":{"rendered":"<p><body><\/p>\n<p><img decoding=\"async\" src=\"img3\/Dilma.jpg\" \/>  <\/p>\n<p><span class=\"text1noticias\">     BRASILIA, 16 mar (Xinhua) &#8212; La presidenta brasile\u00f1a Dilma Rousseff afirm\u00f3, tras las masivas manifestaciones opositoras del domingo, que el pleno funcionamiento de las instituciones democr\u00e1ticas vuelven a Brasil \u00abimpermeable al golpismo y al retroceso\u00bb.<\/span><\/p>\n<\/p>\n<p><span class=\"text1noticias\">     Tras la ceremonia de sanci\u00f3n del nuevo C\u00f3digo de Proceso Civil, la presidenta, quien sufri\u00f3 la persecuci\u00f3n y tortura a comienzos de la d\u00e9cada de los 70 como opositora al entonces gobierno militar, afirm\u00f3 con voz emocionada que \u00abvali\u00f3 la pena\u00bb luchar por la libertad y la democracia.<\/span><\/p>\n<\/p>\n<p><span class=\"text1noticias\">     \u00abAyer (domingo), cuando vi a centenas y miles de de ciudadanos manifest\u00e1ndose, no pude dejar de pensar que vali\u00f3 la pena luchar por la libertad, vali\u00f3 la pena luchar por la democracia. Este pa\u00eds est\u00e1 m\u00e1s fuerte que nunca\u00bb, declar\u00f3.<\/span><\/p>\n<\/p>\n<p><span class=\"text1noticias\">     \u00abUn pa\u00eds amparado en la separaci\u00f3n, independencia y armon\u00eda de poderes, en la democracia representativa, en la libre manifestaci\u00f3n popular en las calles y en las urnas se hace cada vez m\u00e1s impermeable al prejuicio, a la intolerancia, a la violencia, al golpismo y al retroceso\u00bb, afirm\u00f3.<\/span><\/p>\n<\/p>\n<p><span class=\"text1noticias\">     \u00abLo que nosotros queremos es un lugar en que todos puedan ejercer sus derechos pac\u00edficamente sin amenaza a las libertades civiles y pol\u00edticas\u00bb, subray\u00f3.<\/span><\/p>\n<\/p>\n<p><span class=\"text1noticias\">     Luego de una breve declaraci\u00f3n, la presidenta abri\u00f3 una ronda de preguntas a los periodistas presentes.<\/span><\/p>\n<\/p>\n<p><span class=\"text1noticias\">     En respuesta a los cuestionamientos sobre si el gobierno realizaba alguna autocr\u00edtica, en particular sobre la conducci\u00f3n de la pol\u00edtica econ\u00f3mica en el primer mandato, se\u00f1al\u00f3 que pudo haber un error de \u00abdosis\u00bb en los est\u00edmulos a la econom\u00eda.<\/span><\/p>\n<\/p>\n<p><span class=\"text1noticias\">     \u00abEs posible que podamos haber cometido alg\u00fan error de dosis. Hay que gente que piensa que podr\u00edamos haber dejado a algunas empresas quebrar y trabajadores perder el empleo, quisimos evitarlo\u00bb, se\u00f1al\u00f3.<\/span><\/p>\n<\/p>\n<p><span class=\"text1noticias\">     \u00abHicimos de todo para que la econom\u00eda reaccionase, pero como ustedes saben la econom\u00eda no reaccion\u00f3. Lo que no puedo estar de acuerdo es ser responsabilizada por algo que podr\u00eda haber sido peor\u00bb, enfatiz\u00f3.<\/span><\/p>\n<\/p>\n<p><span class=\"text1noticias\">     Sobre la supuesta mala relaci\u00f3n con el principal aliado del gobierno, el Partido del Movimiento Democr\u00e1tico Brasile\u00f1o (PMDB), descart\u00f3 esa visi\u00f3n al recordar que el presidente de esa fuerza pol\u00edticay vicepresidente de Brasil, Michel Temer, es \u00abmuy solidario\u00bb.<\/span><\/p>\n<\/p>\n<p><span class=\"text1noticias\">     Rousseff critic\u00f3 sin embargo a las instituciones pol\u00edticas del pa\u00eds por no estar \u00aba la altura\u00bb de los desaf\u00edos se presentan y llam\u00f3 a buscar consensos m\u00ednimos para la recuperaci\u00f3n econ\u00f3mica.<\/span><\/p>\n<\/p>\n<p><span class=\"text1noticias\">     \u00abNo estoy hablando de corrupci\u00f3n, sino de gobernabilidad. Si usted desestabiliza el pa\u00eds cuando le conviene, eso despu\u00e9s se vuelve contra todos\u00bb, enfatiz\u00f3.<\/span><\/p>\n<\/p>\n<p><span class=\"text1noticias\">     \u00abTenemos que buscar el consenso m\u00ednimo. En la democracia, las cosas son as\u00ed, hay voces diferentes, pero tiene que haber responsabilidad cuando se trata de instituci\u00f3n. Es una temeridad creer que alguien va a ganar con esto (la inestabilidad pol\u00edtica)\u00bb, agreg\u00f3.<\/span><\/p>\n<\/p>\n<p><span class=\"text1noticias\">     Rousseuff anunci\u00f3 el env\u00edo de un proyecto de medidas anticorrupci\u00f3n al Congreso esta misma semana, al rechazar que s\u00f3lo se trate un problema vinculado al Ejecutivo, pues consider\u00f3 que impregna a las instituciones p\u00fablicas y al sector privado del pa\u00eds.<\/span><\/p>\n<\/p>\n<p><span class=\"text1noticias\">     Las manifestaciones de protesta contra el gobierno y la corrupci\u00f3n reunieron el domingo a m\u00e1s de un mill\u00f3n de personas en unas 50 ciudades de 23 estados brasile\u00f1os, convocadas por grupos independientes a trav\u00e9s de las redes sociales que se declaran apartidarios, pero que recibieron tambi\u00e9n el apoyo de todo el arco opositor.<\/span><\/p>\n<\/p>\n<p><span class=\"text1noticias\">     Entre las demandas predominantes de las manifestaciones est\u00e1n la carest\u00eda del costo de vida, el fin de la corrupci\u00f3n, el rechazo al alza de los impuestos y el pedido de una reforma pol\u00edtica.<\/span><\/p>\n<\/p>\n<p><span class=\"text1noticias\">     Sectores minoritarios reclamaron un juicio pol\u00edtico a Rousseff, reelecta en octubre pasado, en tanto grupos minoritarios pidieron una intervenci\u00f3n militar, lo cual gener\u00f3 el repudio de muchos de los manifestantes en diversas ciudades. <\/span>Fin<\/p>\n<h6> 2015-03-16 19:10:36 <\/h6>\n<p><!--\n<link rel=\"stylesheet\" href=\"css\/bootstrap.min.css\">\n\n\n<ul class=\"pagination\">\n\t    \n\t\n\n<li >\n\t<a href='?page_no=24630'>Previous<\/a>\n\t<\/li>\n\n\n       \n    \n\n<li><a href='?page_no=1'>1<\/a><\/li>\n\n\n\n<li><a href='?page_no=2'>2<\/a><\/li>\n\n\n\n<li><a>...<\/a><\/li>\n\n\n\n<li><a href='?page_no=24629'>24629<\/a><\/li>\n\n\n\n<li><a href='?page_no=24630'>24630<\/a><\/li>\n\n\n\n<li class='active'><a>24631<\/a><\/li>\n\n\n\n<li><a href='?page_no=24632'>24632<\/a><\/li>\n\n\n\n<li><a href='?page_no=24633'>24633<\/a><\/li>\n\n\n\n<li><a>...<\/a><\/li>\n\n\n\n<li><a href='?page_no=51012'>51012<\/a><\/li>\n\n\n\n<li><a href='?page_no=51013'>51013<\/a><\/li>\n\n    \n\t\n\n<li >\n\t<a href='?page_no=24632'>Next<\/a>\n\t<\/li>\n\n\n    \n\n<li><a href='?page_no=51013'>Last &rsaquo;&rsaquo;<\/a><\/li>\n\n<\/ul>\n\n\n--><br \/>\n<\/body><\/p>\n","protected":false},"excerpt":{"rendered":"<p>BRASILIA, 16 mar (Xinhua) &#8212; La presidenta brasile\u00f1a Dilma Rousseff afirm\u00f3, tras las masivas manifestaciones opositoras del domingo, que el pleno funcionamiento de las instituciones democr\u00e1ticas vuelven a Brasil \u00abimpermeable al golpismo y al retroceso\u00bb. Tras la ceremonia de sanci\u00f3n del nuevo C\u00f3digo de Proceso Civil, la presidenta, quien sufri\u00f3 la persecuci\u00f3n y tortura a [&hellip;]<\/p>\n","protected":false},"author":3,"featured_media":0,"comment_status":"open","ping_status":"open","sticky":false,"template":"","format":"standard","meta":{"footnotes":""},"categories":[23],"tags":[],"class_list":["post-254986","post","type-post","status-publish","format-standard","hentry","category-internacional"],"_links":{"self":[{"href":"https:\/\/diariodominicano.com\/index.php?rest_route=\/wp\/v2\/posts\/254986","targetHints":{"allow":["GET"]}}],"collection":[{"href":"https:\/\/diariodominicano.com\/index.php?rest_route=\/wp\/v2\/posts"}],"about":[{"href":"https:\/\/diariodominicano.com\/index.php?rest_route=\/wp\/v2\/types\/post"}],"author":[{"embeddable":true,"href":"https:\/\/diariodominicano.com\/index.php?rest_route=\/wp\/v2\/users\/3"}],"replies":[{"embeddable":true,"href":"https:\/\/diariodominicano.com\/index.php?rest_route=%2Fwp%2Fv2%2Fcomments&post=254986"}],"version-history":[{"count":0,"href":"https:\/\/diariodominicano.com\/index.php?rest_route=\/wp\/v2\/posts\/254986\/revisions"}],"wp:attachment":[{"href":"https:\/\/diariodominicano.com\/index.php?rest_route=%2Fwp%2Fv2%2Fmedia&parent=254986"}],"wp:term":[{"taxonomy":"category","embeddable":true,"href":"https:\/\/diariodominicano.com\/index.php?rest_route=%2Fwp%2Fv2%2Fcategories&post=254986"},{"taxonomy":"post_tag","embeddable":true,"href":"https:\/\/diariodominicano.com\/index.php?rest_route=%2Fwp%2Fv2%2Ftags&post=254986"}],"curies":[{"name":"wp","href":"https:\/\/api.w.org\/{rel}","templated":true}]}}