{"id":254985,"date":"2015-03-16T20:40:30","date_gmt":"2015-03-16T20:40:30","guid":{"rendered":"http:\/\/diariodominicano.ddns.net\/?p=254985"},"modified":"2015-03-16T20:40:30","modified_gmt":"2015-03-16T20:40:30","slug":"costa-rica-genera-totalidad-de-energia-con-fuentes-limpias-en-2015","status":"publish","type":"post","link":"https:\/\/diariodominicano.com\/?p=254985","title":{"rendered":"Costa Rica genera totalidad de energ\u00eda con fuentes limpias en 2015"},"content":{"rendered":"<p><body><\/p>\n<p><img decoding=\"async\" src=\"img3\/Costa1.jpg\" \/>  <\/p>\n<p><span class=\"text1noticias\">SAN JOSE, 16 mar (Xinhua) &#8212; La totalidad de la energ\u00eda que Costa Rica ha generado en lo que va del a\u00f1o ha sido con fuentes energ\u00e9ticas alternas y limpias, inform\u00f3 hoy el Instituto Costarricense de Electricidad (ICE).<\/span><\/p>\n<p><span class=\"text1noticias\"> <\/span><\/p>\n<p><span class=\"text1noticias\">El ICE indic\u00f3 en un comunicado que de acuerdo con datos del Sistema El\u00e9ctrico Nacional (SEN), en los \u00faltimos 75 d\u00edas no ha sido necesaria la utilizaci\u00f3n de hidrocarburos para alimentar la red el\u00e9ctrica del pa\u00eds centroamericano.<\/span><\/p>\n<p><span class=\"text1noticias\"> <\/span><\/p>\n<p><span class=\"text1noticias\">Explic\u00f3 que ello ha sido posible gracias a las lluvias tenidas este a\u00f1o que han alimentado los embalses de Arenal, Cach\u00ed, La Angostura y Pirr\u00eds.<\/span><\/p>\n<p><span class=\"text1noticias\"> <\/span><\/p>\n<p><span class=\"text1noticias\">La entidad expuso en su comunicado, que la energ\u00eda generada en las cuatro hidroel\u00e9ctricas m\u00e1s la producida en los proyectos e\u00f3licos, geot\u00e9rmicos, solares y de biomasa, han permitido que Costa Rica mantenga una matriz energ\u00e9tica 100 por ciento limpia.<\/span><\/p>\n<p><span class=\"text1noticias\"> <\/span><\/p>\n<p><span class=\"text1noticias\">\u00abBajo estas condiciones y con las reservas a la fecha, el ICE estima que en el segundo trimestre del a\u00f1o seguir\u00e1 la tendencia a la baja en las tarifas para todos sus consumidores\u00bb, indic\u00f3 la instituci\u00f3n.<\/span><\/p>\n<p><span class=\"text1noticias\"> <\/span><\/p>\n<p><span class=\"text1noticias\">La autoridad reguladora maneja que en lo que va de 2015 se ha registrado una reducci\u00f3n de 15 por ciento en el consumo de energ\u00eda.<\/span><\/p>\n<p><span class=\"text1noticias\"> <\/span><\/p>\n<p><span class=\"text1noticias\">Costa Rica se ubica en el segundo lugar de Am\u00e9rica Latina en cuanto a cobertura el\u00e9ctrica con 99,4 por ciento, superada s\u00f3lo por Uruguay.<\/span><\/p>\n<p><span class=\"text1noticias\">El pa\u00eds de Centroam\u00e9rica tambi\u00e9n ocup\u00f3 el primer lugar a nivel regional en el uso de energ\u00edas renovables en 2014, seg\u00fan la Federaci\u00f3n Mundial de Conservaci\u00f3n (WWF, siglas en in<\/span>gl\u00e9s).<\/p>\n<h6> 2015-03-16 20:40:30 <\/h6>\n<p><!--\n<link rel=\"stylesheet\" href=\"css\/bootstrap.min.css\">\n\n\n<ul class=\"pagination\">\n\t    \n\t\n\n<li >\n\t<a href='?page_no=24629'>Previous<\/a>\n\t<\/li>\n\n\n       \n    \n\n<li><a href='?page_no=1'>1<\/a><\/li>\n\n\n\n<li><a href='?page_no=2'>2<\/a><\/li>\n\n\n\n<li><a>...<\/a><\/li>\n\n\n\n<li><a href='?page_no=24628'>24628<\/a><\/li>\n\n\n\n<li><a href='?page_no=24629'>24629<\/a><\/li>\n\n\n\n<li class='active'><a>24630<\/a><\/li>\n\n\n\n<li><a href='?page_no=24631'>24631<\/a><\/li>\n\n\n\n<li><a href='?page_no=24632'>24632<\/a><\/li>\n\n\n\n<li><a>...<\/a><\/li>\n\n\n\n<li><a href='?page_no=51012'>51012<\/a><\/li>\n\n\n\n<li><a href='?page_no=51013'>51013<\/a><\/li>\n\n    \n\t\n\n<li >\n\t<a href='?page_no=24631'>Next<\/a>\n\t<\/li>\n\n\n    \n\n<li><a href='?page_no=51013'>Last &rsaquo;&rsaquo;<\/a><\/li>\n\n<\/ul>\n\n\n--><br \/>\n<\/body><\/p>\n","protected":false},"excerpt":{"rendered":"<p>SAN JOSE, 16 mar (Xinhua) &#8212; La totalidad de la energ\u00eda que Costa Rica ha generado en lo que va del a\u00f1o ha sido con fuentes energ\u00e9ticas alternas y limpias, inform\u00f3 hoy el Instituto Costarricense de Electricidad (ICE). El ICE indic\u00f3 en un comunicado que de acuerdo con datos del Sistema El\u00e9ctrico Nacional (SEN), en [&hellip;]<\/p>\n","protected":false},"author":3,"featured_media":0,"comment_status":"open","ping_status":"open","sticky":false,"template":"","format":"standard","meta":{"footnotes":""},"categories":[23],"tags":[],"class_list":["post-254985","post","type-post","status-publish","format-standard","hentry","category-internacional"],"_links":{"self":[{"href":"https:\/\/diariodominicano.com\/index.php?rest_route=\/wp\/v2\/posts\/254985","targetHints":{"allow":["GET"]}}],"collection":[{"href":"https:\/\/diariodominicano.com\/index.php?rest_route=\/wp\/v2\/posts"}],"about":[{"href":"https:\/\/diariodominicano.com\/index.php?rest_route=\/wp\/v2\/types\/post"}],"author":[{"embeddable":true,"href":"https:\/\/diariodominicano.com\/index.php?rest_route=\/wp\/v2\/users\/3"}],"replies":[{"embeddable":true,"href":"https:\/\/diariodominicano.com\/index.php?rest_route=%2Fwp%2Fv2%2Fcomments&post=254985"}],"version-history":[{"count":0,"href":"https:\/\/diariodominicano.com\/index.php?rest_route=\/wp\/v2\/posts\/254985\/revisions"}],"wp:attachment":[{"href":"https:\/\/diariodominicano.com\/index.php?rest_route=%2Fwp%2Fv2%2Fmedia&parent=254985"}],"wp:term":[{"taxonomy":"category","embeddable":true,"href":"https:\/\/diariodominicano.com\/index.php?rest_route=%2Fwp%2Fv2%2Fcategories&post=254985"},{"taxonomy":"post_tag","embeddable":true,"href":"https:\/\/diariodominicano.com\/index.php?rest_route=%2Fwp%2Fv2%2Ftags&post=254985"}],"curies":[{"name":"wp","href":"https:\/\/api.w.org\/{rel}","templated":true}]}}