{"id":254984,"date":"2015-03-16T21:44:01","date_gmt":"2015-03-16T21:44:01","guid":{"rendered":"http:\/\/diariodominicano.ddns.net\/?p=254984"},"modified":"2015-03-16T21:44:01","modified_gmt":"2015-03-16T21:44:01","slug":"presidente-chino-subraya-apoyo-de-china-a-integracion-europea","status":"publish","type":"post","link":"https:\/\/diariodominicano.com\/?p=254984","title":{"rendered":"Presidente chino subraya apoyo de China a integraci\u00f3n europea"},"content":{"rendered":"<p><body><\/p>\n<p><img decoding=\"async\" src=\"img3\/china160300.jpg\" \/>  <\/p>\n<p><span class=\"text1noticias\">BEIJING, 16 mar (Xinhua) &#8212; El presidente de China, Xi Jinping, reiter\u00f3 hoy el apoyo a la integraci\u00f3n europea, y expres\u00f3 su deseo de una cooperaci\u00f3n m\u00e1s estrecha entre China y la Uni\u00f3n Europea (UE).<\/span><\/p>\n<\/p>\n<p><span class=\"text1noticias\">Xi hizo las declaraciones cuando se reuni\u00f3 con el presidente del Parlamento Europeo, Martin Schulz, en el Gran Palacio del Pueblo, y dijo que el desarrollo de Europa es un componente importante de la multipolarizaci\u00f3n del mundo.<\/span><\/p>\n<\/p>\n<p><span class=\"text1noticias\">El mandatario record\u00f3 su visita a la sede de la UE en la primavera pasada y dijo que las dos partes han estado profundizando su asociaci\u00f3n en pro de la paz, crecimiento, reforma y civilizaci\u00f3n.<\/span><\/p>\n<\/p>\n<p><span class=\"text1noticias\">Xi dijo que las dos partes deben considerar al aniversario 40 de las relaciones diplom\u00e1ticas UE-China oficiales como un nuevo comienzo, y trabajar juntas para incrementar las interacciones pol\u00edticas y la cooperaci\u00f3n pr\u00e1ctica.<\/span><\/p>\n<\/p>\n<p><span class=\"text1noticias\">Durante el encuentro, Xi tambi\u00e9n inform\u00f3 al hu\u00e9sped sobre las sesiones anuales de los \u00f3rganos legislativo y de asesor\u00eda pol\u00edtica, que se llevaron a cabo en las dos semanas pasadas, as\u00ed como del trabajo sobre la formulaci\u00f3n del XIII Plan Quinquenal del pa\u00eds.<\/span><\/p>\n<\/p>\n<p><span class=\"text1noticias\">Schulz dijo que es importante que Europa y China consoliden su relaci\u00f3n porque tienen muchos intereses comunes y enfrentan problemas similares.<\/span><\/p>\n<\/p>\n<p><span class=\"text1noticias\">Europa trabajar\u00e1 con China para impulsar la cooperaci\u00f3n pr\u00e1ctica y desarrollar la asociaci\u00f3n, dijo Schulz.<\/span><\/p>\n<\/p>\n<h6> 2015-03-16 21:44:01 <\/h6>\n<p><!--\n<link rel=\"stylesheet\" href=\"css\/bootstrap.min.css\">\n\n\n<ul class=\"pagination\">\n\t    \n\t\n\n<li >\n\t<a href='?page_no=24628'>Previous<\/a>\n\t<\/li>\n\n\n       \n    \n\n<li><a href='?page_no=1'>1<\/a><\/li>\n\n\n\n<li><a href='?page_no=2'>2<\/a><\/li>\n\n\n\n<li><a>...<\/a><\/li>\n\n\n\n<li><a href='?page_no=24627'>24627<\/a><\/li>\n\n\n\n<li><a href='?page_no=24628'>24628<\/a><\/li>\n\n\n\n<li class='active'><a>24629<\/a><\/li>\n\n\n\n<li><a href='?page_no=24630'>24630<\/a><\/li>\n\n\n\n<li><a href='?page_no=24631'>24631<\/a><\/li>\n\n\n\n<li><a>...<\/a><\/li>\n\n\n\n<li><a href='?page_no=51012'>51012<\/a><\/li>\n\n\n\n<li><a href='?page_no=51013'>51013<\/a><\/li>\n\n    \n\t\n\n<li >\n\t<a href='?page_no=24630'>Next<\/a>\n\t<\/li>\n\n\n    \n\n<li><a href='?page_no=51013'>Last &rsaquo;&rsaquo;<\/a><\/li>\n\n<\/ul>\n\n\n--><br \/>\n<\/body><\/p>\n","protected":false},"excerpt":{"rendered":"<p>BEIJING, 16 mar (Xinhua) &#8212; El presidente de China, Xi Jinping, reiter\u00f3 hoy el apoyo a la integraci\u00f3n europea, y expres\u00f3 su deseo de una cooperaci\u00f3n m\u00e1s estrecha entre China y la Uni\u00f3n Europea (UE). Xi hizo las declaraciones cuando se reuni\u00f3 con el presidente del Parlamento Europeo, Martin Schulz, en el Gran Palacio del [&hellip;]<\/p>\n","protected":false},"author":3,"featured_media":0,"comment_status":"open","ping_status":"open","sticky":false,"template":"","format":"standard","meta":{"footnotes":""},"categories":[23],"tags":[],"class_list":["post-254984","post","type-post","status-publish","format-standard","hentry","category-internacional"],"_links":{"self":[{"href":"https:\/\/diariodominicano.com\/index.php?rest_route=\/wp\/v2\/posts\/254984","targetHints":{"allow":["GET"]}}],"collection":[{"href":"https:\/\/diariodominicano.com\/index.php?rest_route=\/wp\/v2\/posts"}],"about":[{"href":"https:\/\/diariodominicano.com\/index.php?rest_route=\/wp\/v2\/types\/post"}],"author":[{"embeddable":true,"href":"https:\/\/diariodominicano.com\/index.php?rest_route=\/wp\/v2\/users\/3"}],"replies":[{"embeddable":true,"href":"https:\/\/diariodominicano.com\/index.php?rest_route=%2Fwp%2Fv2%2Fcomments&post=254984"}],"version-history":[{"count":0,"href":"https:\/\/diariodominicano.com\/index.php?rest_route=\/wp\/v2\/posts\/254984\/revisions"}],"wp:attachment":[{"href":"https:\/\/diariodominicano.com\/index.php?rest_route=%2Fwp%2Fv2%2Fmedia&parent=254984"}],"wp:term":[{"taxonomy":"category","embeddable":true,"href":"https:\/\/diariodominicano.com\/index.php?rest_route=%2Fwp%2Fv2%2Fcategories&post=254984"},{"taxonomy":"post_tag","embeddable":true,"href":"https:\/\/diariodominicano.com\/index.php?rest_route=%2Fwp%2Fv2%2Ftags&post=254984"}],"curies":[{"name":"wp","href":"https:\/\/api.w.org\/{rel}","templated":true}]}}