{"id":254982,"date":"2015-03-17T12:37:01","date_gmt":"2015-03-17T12:37:01","guid":{"rendered":"http:\/\/diariodominicano.ddns.net\/?p=254982"},"modified":"2015-03-17T12:37:01","modified_gmt":"2015-03-17T12:37:01","slug":"dilma-rousseff-ofrece-dialogo-a-quien-quiera-dialogar-tras-las-masivas-protestas","status":"publish","type":"post","link":"https:\/\/diariodominicano.com\/?p=254982","title":{"rendered":"Dilma Rousseff ofrece di\u00e1logo a quien \u00abquiera dialogar\u00bb tras las masivas protestas"},"content":{"rendered":"<p><body><\/p>\n<p><img decoding=\"async\" src=\"img3\/dil 3.jpg\" \/><br \/><img decoding=\"async\" src=\"img3\/marcha 1.jpg\" \/><br \/><img decoding=\"async\" src=\"img3\/marcha 2.jpg\" \/>  <\/p>\n<p>Brasilia, Brasil 17 marzo.-  La presidenta brasile\u00f1a, Dilma Rousseff, admiti\u00f3 hoy el car\u00e1cter \u00abdemocr\u00e1tico\u00bb de la multitudinaria protesta de este domingo y dijo estar dispuesta a o\u00edr la \u00abvoz de la calle\u00bb y a convocar un \u00abamplio di\u00e1logo\u00bb con aquellos que \u00abquieran dialogar\u00bb.<\/p>\n<\/p>\n<p>Rousseff coment\u00f3 las manifestaciones que este domingo llevaron a las calles de decenas de ciudades a m\u00e1s de mill\u00f3n de personas indignadas con la corrupci\u00f3n en la estatal Petrobras y con la delicada situaci\u00f3n del pa\u00eds, y subray\u00f3 que transcurrieron en forma pac\u00edfica, sin ning\u00fan tipo de represi\u00f3n o incidentes.<\/p>\n<\/p>\n<p>La mandataria, en un acto celebrado en el Palacio presidencial de Planalto, interpret\u00f3 esos hechos como \u00abuna inequ\u00edvoca prueba de que Brasil es un pa\u00eds democr\u00e1tico que, a diferencia de otros, convive pac\u00edficamente con manifestaciones\u00bb.<\/p>\n<\/p>\n<p>Asimismo, respondi\u00f3 a algunos grupos minoritarios que se valieron de las manifestaciones para exigir su destituci\u00f3n o incluso una \u00abintervenci\u00f3n\u00bb militar.<\/p>\n<\/p>\n<p>Rousseff, reelegida en octubre pasado para un segundo mandato que comenz\u00f3 el 1 de enero, sostuvo que en una democracia \u00abse respetan las urnas y la voz de las calles\u00bb y celebr\u00f3 que \u00abBrasil es un pa\u00eds que, frente a las invitaciones a la anormalidad pol\u00edtica, elige el camino de la democracia\u00bb.<\/p>\n<\/p>\n<p>Tambi\u00e9n defendi\u00f3 el m\u00e1s amplio derecho a la libertad de expresi\u00f3n y garantiz\u00f3 que, a diferencia de las \u00e9pocas en que el pa\u00eds fue gobernado por dictaduras, \u00abnunca m\u00e1s se ver\u00e1 en Brasil que las personas que manifiesten su opini\u00f3n, as\u00ed sea contra la presidenta de la Rep\u00fablica, vayan a sufrir consecuencias\u00bb.<\/p>\n<\/p>\n<p>Las manifestaciones fueron convocadas por grupos de oposici\u00f3n que protestaron por la situaci\u00f3n econ\u00f3mica del pa\u00eds o los esc\u00e1ndalos de corrupci\u00f3n en la petrolera estatal Petrobras, que ha salpicado a 50 pol\u00edticos, entre quienes est\u00e1 Joao Vaccari, tesorero del gobernante Partido de los Trabajadores (PT).<\/p>\n<\/p>\n<p>La presidenta reiter\u00f3 que la corrupci\u00f3n \u00abno naci\u00f3 hoy\u00bb y que \u00abes una se\u00f1ora anciana que los toca a todos\u00bb, pero reafirm\u00f3 su decisi\u00f3n de combatirla \u00abcon todas las armas\u00bb, as\u00ed como ratific\u00f3 que esta semana anunciar\u00e1 unas nuevas medidas para mejorar los mecanismos de control p\u00fablico.<\/p>\n<\/p>\n<p>En el \u00e1mbito econ\u00f3mico achac\u00f3 la responsabilidad de la actual situaci\u00f3n de Brasil a la crisis global, que \u00aboblig\u00f3\u00bb al Gobierno a aplicar un severo ajuste fiscal, reducir subsidios y aumentar la carga tributaria.<\/p>\n<\/p>\n<p>Sostuvo que, en los \u00faltimos a\u00f1os, mientras en Europa la crisis \u00abllev\u00f3 al desempleo a m\u00e1s de 60 millones de personas y a una amplia p\u00e9rdida de oportunidades\u00bb, en Brasil se reforzaron la inversi\u00f3n y los cr\u00e9ditos p\u00fablicos a fin de mantener acelerada la econom\u00eda.<\/p>\n<\/p>\n<p>Sin embargo, reconoci\u00f3 que \u00abese camino se agot\u00f3\u00bb y que ahora se debe \u00abtomar otro rumbo para garantizar empleo y crecimiento\u00bb, lo cual implica \u00abhacer algunos ajustes y correcciones\u00bb.<\/p>\n<\/p>\n<p>Como hab\u00eda hecho en junio de 2013, cuando su Gobierno fue blanco de una fuerte andanada de protestas que se mantuvo durante m\u00e1s de 15 d\u00edas, Rousseff asegur\u00f3 que \u00abrespeta y escucha con atenci\u00f3n a todas las voces\u00bb y que est\u00e1 dispuesta a buscar un amplio di\u00e1logo con todas las fuerzas pol\u00edticas y movimientos sociales del pa\u00eds.<\/p>\n<\/p>\n<p>\u00abEl Gobierno tiene que abrir el di\u00e1logo, con una postura humilde y con todos\u00bb, dijo la presidenta, quien sin embargo acot\u00f3 que \u00abs\u00f3lo se puede dialogar con quien se quiere abrir al di\u00e1logo\u00bb.<\/p>\n<\/p>\n<p>Esa invitaci\u00f3n ya la hab\u00eda formulado este domingo, tras las manifestaciones, el ministro de Justicia, Jos\u00e9 Eduardo Cardozo, pero no convenci\u00f3 a algunos de los principales l\u00edderes opositores.<\/p>\n<\/p>\n<p>El senador A\u00e9cio Neves, del Partido de la Social Democracia Brasile\u00f1a (PSDB), derrotado en las elecciones del a\u00f1o pasado por escasos tres puntos de diferencia frente a Rousseff, consider\u00f3 hoy que el Gobierno \u00abno es sincero\u00bb.<\/p>\n<\/p>\n<p>Neves dijo que \u00ablas palabras deben ser acompa\u00f1adas de actos y de gestos\u00bb y pregunt\u00f3 \u00abc\u00f3mo es posible dialogar con una presidenta que culpa a la crisis internacional\u00bb de las dificultades que atraviesa la econom\u00eda brasile\u00f1a, que en su opini\u00f3n responden a las pol\u00edticas adoptadas.<\/p>\n<\/p>\n<p>El senador opositor sostuvo que \u00abel Gobierno est\u00e1 a a\u00f1os luz de la realidad\u00bb y que \u00abno acaba de percibir el creciente mal humor que existe en la sociedad\u00bb, aunque destac\u00f3 que hoy existe una oposici\u00f3n m\u00e1s cohesionada.<\/p>\n<\/p>\n<p>Se\u00f1al\u00f3 adem\u00e1s que, tras doce a\u00f1os en el poder, con Luiz In\u00e1cio Lula da Silva y luego con Rousseff, el PT \u00abpor primera vez ve una oposici\u00f3n conectada con el sentimiento de la calle\u00bb, expresado en forma multitudinaria este domingo..<\/p>\n<h6> 2015-03-17 12:37:01 <\/h6>\n<p><!--\n<link rel=\"stylesheet\" href=\"css\/bootstrap.min.css\">\n\n\n<ul class=\"pagination\">\n\t    \n\t\n\n<li >\n\t<a href='?page_no=24626'>Previous<\/a>\n\t<\/li>\n\n\n       \n    \n\n<li><a href='?page_no=1'>1<\/a><\/li>\n\n\n\n<li><a href='?page_no=2'>2<\/a><\/li>\n\n\n\n<li><a>...<\/a><\/li>\n\n\n\n<li><a href='?page_no=24625'>24625<\/a><\/li>\n\n\n\n<li><a href='?page_no=24626'>24626<\/a><\/li>\n\n\n\n<li class='active'><a>24627<\/a><\/li>\n\n\n\n<li><a href='?page_no=24628'>24628<\/a><\/li>\n\n\n\n<li><a href='?page_no=24629'>24629<\/a><\/li>\n\n\n\n<li><a>...<\/a><\/li>\n\n\n\n<li><a href='?page_no=51012'>51012<\/a><\/li>\n\n\n\n<li><a href='?page_no=51013'>51013<\/a><\/li>\n\n    \n\t\n\n<li >\n\t<a href='?page_no=24628'>Next<\/a>\n\t<\/li>\n\n\n    \n\n<li><a href='?page_no=51013'>Last &rsaquo;&rsaquo;<\/a><\/li>\n\n<\/ul>\n\n\n--><br \/>\n<\/body><\/p>\n","protected":false},"excerpt":{"rendered":"<p>Brasilia, Brasil 17 marzo.- La presidenta brasile\u00f1a, Dilma Rousseff, admiti\u00f3 hoy el car\u00e1cter \u00abdemocr\u00e1tico\u00bb de la multitudinaria protesta de este domingo y dijo estar dispuesta a o\u00edr la \u00abvoz de la calle\u00bb y a convocar un \u00abamplio di\u00e1logo\u00bb con aquellos que \u00abquieran dialogar\u00bb. Rousseff coment\u00f3 las manifestaciones que este domingo llevaron a las calles de [&hellip;]<\/p>\n","protected":false},"author":3,"featured_media":0,"comment_status":"open","ping_status":"open","sticky":false,"template":"","format":"standard","meta":{"footnotes":""},"categories":[23],"tags":[],"class_list":["post-254982","post","type-post","status-publish","format-standard","hentry","category-internacional"],"_links":{"self":[{"href":"https:\/\/diariodominicano.com\/index.php?rest_route=\/wp\/v2\/posts\/254982","targetHints":{"allow":["GET"]}}],"collection":[{"href":"https:\/\/diariodominicano.com\/index.php?rest_route=\/wp\/v2\/posts"}],"about":[{"href":"https:\/\/diariodominicano.com\/index.php?rest_route=\/wp\/v2\/types\/post"}],"author":[{"embeddable":true,"href":"https:\/\/diariodominicano.com\/index.php?rest_route=\/wp\/v2\/users\/3"}],"replies":[{"embeddable":true,"href":"https:\/\/diariodominicano.com\/index.php?rest_route=%2Fwp%2Fv2%2Fcomments&post=254982"}],"version-history":[{"count":0,"href":"https:\/\/diariodominicano.com\/index.php?rest_route=\/wp\/v2\/posts\/254982\/revisions"}],"wp:attachment":[{"href":"https:\/\/diariodominicano.com\/index.php?rest_route=%2Fwp%2Fv2%2Fmedia&parent=254982"}],"wp:term":[{"taxonomy":"category","embeddable":true,"href":"https:\/\/diariodominicano.com\/index.php?rest_route=%2Fwp%2Fv2%2Fcategories&post=254982"},{"taxonomy":"post_tag","embeddable":true,"href":"https:\/\/diariodominicano.com\/index.php?rest_route=%2Fwp%2Fv2%2Ftags&post=254982"}],"curies":[{"name":"wp","href":"https:\/\/api.w.org\/{rel}","templated":true}]}}