{"id":254981,"date":"2015-03-17T12:43:20","date_gmt":"2015-03-17T12:43:20","guid":{"rendered":"http:\/\/diariodominicano.ddns.net\/?p=254981"},"modified":"2015-03-17T12:43:20","modified_gmt":"2015-03-17T12:43:20","slug":"venezuela-pidio-a-obama-que-cese-inmediatamente-sus-acciones-hostiles","status":"publish","type":"post","link":"https:\/\/diariodominicano.com\/?p=254981","title":{"rendered":"Venezuela pidi\u00f3 a Obama que cese inmediatamente sus \u00abacciones hostiles\u00bb"},"content":{"rendered":"<p><body><\/p>\n<p><img decoding=\"async\" src=\"img3\/dos 1.jpg\" \/>  <\/p>\n<p>Nueva York, 17 marzo .- Venezuela utiliz\u00f3 hoy un espacio publicitario en el diario estadounidense The New York Times para pedir al Gobierno de Estados Unidos que cese inmediatamente las \u00abacciones hostiles\u00bb en su contra y que derogue el decreto que declarara al pa\u00eds como una amenaza para su seguridad nacional.<\/p>\n<\/p>\n<p>\u00abNunca antes en la historia de nuestras naciones un presidente de EE.UU. hab\u00eda intentado gobernar a los venezolanos por decreto. Es una orden tir\u00e1nica e imperialista y nos devuelve a los d\u00edas m\u00e1s oscuros de la relaci\u00f3n entre EE.UU. y Latinoam\u00e9rica y el Caribe\u00bb, se\u00f1al\u00f3 el Gobierno venezolano en el texto.<\/p>\n<\/p>\n<p>El anuncio, publicado a toda p\u00e1gina y en formato carta dirigida al pueblo de Estados Unidos y firmada por el Ministerio de Relaciones Exteriores del pa\u00eds caribe\u00f1o, va encabezado con el t\u00edtulo \u00abVenezuela no es una amenaza\u00bb.<\/p>\n<\/p>\n<p>En la misiva, las autoridades venezolanas califican de \u00abacci\u00f3n desproporcionada\u00bb la decisi\u00f3n del presidente estadounidense, Barack Obama, de declarar una \u00abemergencia nacional\u00bb por el \u00abriesgo extraordinario\u00bb que supone para la seguridad de su naci\u00f3n la situaci\u00f3n venezolana.<\/p>\n<\/p>\n<p>Venezuela record\u00f3 que esa medida \u00abunilateral y agresiva\u00bb ha sido rechazada de forma un\u00e1nime por los pa\u00edses latinoamericanos y exige al Gobierno de EE.UU. que d\u00e9 marcha atr\u00e1s y la revoque.<\/p>\n<\/p>\n<p>Adem\u00e1s, el Gobierno de Nicol\u00e1s Maduro demanda al Ejecutivo estadounidense que \u00abcese inmediatamente las acciones hostiles contra el pueblo venezolano y la democracia\u00bb y que \u00abse retracte de las declaraciones y acciones difamatorias\u00bb contra funcionarios del pa\u00eds.<\/p>\n<\/p>\n<p>Venezuela se dirige en la misiva a sus \u00abhermanos y hermanas estadounidenses\u00bb para llamarles la atenci\u00f3n sobre la \u00abagresi\u00f3n ilegal\u00bb cometida por el Gobierno de su pa\u00eds.<\/p>\n<\/p>\n<p>\u00abLos principios de los padres fundadores de Estados Unidos son seguidos hoy con la misma dignidad por el pueblo de Sim\u00f3n Bol\u00edvar. En nombre de nuestro mutuo aprecio por la independencia nacional queremos que el Gobierno del presidente Obama piense y rectifique este peligroso precedente\u00bb, a\u00f1adi\u00f3.<\/p>\n<\/p>\n<p>El texto critic\u00f3 tambi\u00e9n las sanciones impuestas por la Administraci\u00f3n de Obama contra algunos altos cargos gubernamentales venezolanos.<\/p>\n<\/p>\n<p>\u00abEl presidente Obama, sin ninguna autoridad para interferir en nuestros asuntos internos, impuso unilateralmente un paquete de sanciones contra funcionarios venezolanos con posibles implicaciones de gran alcance, interfiriendo en nuestro orden constitucional y en nuestro sistema de Justicia\u00bb, se\u00f1al\u00f3 la carta.<\/p>\n<h6> 2015-03-17 12:43:20 <\/h6>\n<p><!--\n<link rel=\"stylesheet\" href=\"css\/bootstrap.min.css\">\n\n\n<ul class=\"pagination\">\n\t    \n\t\n\n<li >\n\t<a href='?page_no=24625'>Previous<\/a>\n\t<\/li>\n\n\n       \n    \n\n<li><a href='?page_no=1'>1<\/a><\/li>\n\n\n\n<li><a href='?page_no=2'>2<\/a><\/li>\n\n\n\n<li><a>...<\/a><\/li>\n\n\n\n<li><a href='?page_no=24624'>24624<\/a><\/li>\n\n\n\n<li><a href='?page_no=24625'>24625<\/a><\/li>\n\n\n\n<li class='active'><a>24626<\/a><\/li>\n\n\n\n<li><a href='?page_no=24627'>24627<\/a><\/li>\n\n\n\n<li><a href='?page_no=24628'>24628<\/a><\/li>\n\n\n\n<li><a>...<\/a><\/li>\n\n\n\n<li><a href='?page_no=51012'>51012<\/a><\/li>\n\n\n\n<li><a href='?page_no=51013'>51013<\/a><\/li>\n\n    \n\t\n\n<li >\n\t<a href='?page_no=24627'>Next<\/a>\n\t<\/li>\n\n\n    \n\n<li><a href='?page_no=51013'>Last &rsaquo;&rsaquo;<\/a><\/li>\n\n<\/ul>\n\n\n--><br \/>\n<\/body><\/p>\n","protected":false},"excerpt":{"rendered":"<p>Nueva York, 17 marzo .- Venezuela utiliz\u00f3 hoy un espacio publicitario en el diario estadounidense The New York Times para pedir al Gobierno de Estados Unidos que cese inmediatamente las \u00abacciones hostiles\u00bb en su contra y que derogue el decreto que declarara al pa\u00eds como una amenaza para su seguridad nacional. \u00abNunca antes en la [&hellip;]<\/p>\n","protected":false},"author":3,"featured_media":0,"comment_status":"open","ping_status":"open","sticky":false,"template":"","format":"standard","meta":{"footnotes":""},"categories":[23],"tags":[],"class_list":["post-254981","post","type-post","status-publish","format-standard","hentry","category-internacional"],"_links":{"self":[{"href":"https:\/\/diariodominicano.com\/index.php?rest_route=\/wp\/v2\/posts\/254981","targetHints":{"allow":["GET"]}}],"collection":[{"href":"https:\/\/diariodominicano.com\/index.php?rest_route=\/wp\/v2\/posts"}],"about":[{"href":"https:\/\/diariodominicano.com\/index.php?rest_route=\/wp\/v2\/types\/post"}],"author":[{"embeddable":true,"href":"https:\/\/diariodominicano.com\/index.php?rest_route=\/wp\/v2\/users\/3"}],"replies":[{"embeddable":true,"href":"https:\/\/diariodominicano.com\/index.php?rest_route=%2Fwp%2Fv2%2Fcomments&post=254981"}],"version-history":[{"count":0,"href":"https:\/\/diariodominicano.com\/index.php?rest_route=\/wp\/v2\/posts\/254981\/revisions"}],"wp:attachment":[{"href":"https:\/\/diariodominicano.com\/index.php?rest_route=%2Fwp%2Fv2%2Fmedia&parent=254981"}],"wp:term":[{"taxonomy":"category","embeddable":true,"href":"https:\/\/diariodominicano.com\/index.php?rest_route=%2Fwp%2Fv2%2Fcategories&post=254981"},{"taxonomy":"post_tag","embeddable":true,"href":"https:\/\/diariodominicano.com\/index.php?rest_route=%2Fwp%2Fv2%2Ftags&post=254981"}],"curies":[{"name":"wp","href":"https:\/\/api.w.org\/{rel}","templated":true}]}}