{"id":254979,"date":"2015-03-17T13:39:38","date_gmt":"2015-03-17T13:39:38","guid":{"rendered":"http:\/\/diariodominicano.ddns.net\/?p=254979"},"modified":"2015-03-17T13:39:38","modified_gmt":"2015-03-17T13:39:38","slug":"llego-presidente-cubano-a-venezuela-para-asistir-a-cumbre-del-alba","status":"publish","type":"post","link":"https:\/\/diariodominicano.com\/?p=254979","title":{"rendered":"&#13;&#13;Lleg\u00f3 presidente cubano a Venezuela para asistir a Cumbre del ALBA"},"content":{"rendered":"<p><body><\/p>\n<p><img decoding=\"async\" src=\"img3\/raul-venzue-cumbre-alba.jpg\" \/>  <\/p>\n<\/p>\n<\/p>\n<p>Caracas, 17 mar (PL) El presidente cubano, Ra\u00fal Castro, lleg\u00f3 hoy a esta capital para asistir a la Cumbre Extraordinaria de la Alternativa Bolivariana para los Pueblos de Nuestra Am\u00e9rica, convocada en solidaridad con el hermano pueblo de Venezuela.<\/p>\n<\/p>\n<p>La delegaci\u00f3n cubana a la cita est\u00e1 integrada adem\u00e1s por el ministro de Relaciones Exteriores, Bruno Rodr\u00edguez, el vicecanciller Rogelio Sierra y el embajador de Cuba en Venezuela, Rogelio Polanco Fuentes.<\/p>\n<\/p>\n<p>En la cumbre extraordinaria del ALBA se adoptar\u00e1 una postura com\u00fan sobre la m\u00e1s reciente agresi\u00f3n a este pa\u00eds por parte del gobierno de Estados Unidos.<\/p>\n<\/p>\n<p>El jefe de Estado Nicol\u00e1s Maduro precis\u00f3 que la cita analizar\u00e1 acciones injerencistas de Washington luego de la orden ejecutiva del presidente Barack Obama, quien el pasado 9 de marzo decret\u00f3 emergencia al considerar a Venezuela una amenza para la seguridad del norte\u00f1o pa\u00eds.<\/p>\n<h6> 2015-03-17 13:39:38 <\/h6>\n<p><!--\n<link rel=\"stylesheet\" href=\"css\/bootstrap.min.css\">\n\n\n<ul class=\"pagination\">\n\t    \n\t\n\n<li >\n\t<a href='?page_no=24623'>Previous<\/a>\n\t<\/li>\n\n\n       \n    \n\n<li><a href='?page_no=1'>1<\/a><\/li>\n\n\n\n<li><a href='?page_no=2'>2<\/a><\/li>\n\n\n\n<li><a>...<\/a><\/li>\n\n\n\n<li><a href='?page_no=24622'>24622<\/a><\/li>\n\n\n\n<li><a href='?page_no=24623'>24623<\/a><\/li>\n\n\n\n<li class='active'><a>24624<\/a><\/li>\n\n\n\n<li><a href='?page_no=24625'>24625<\/a><\/li>\n\n\n\n<li><a href='?page_no=24626'>24626<\/a><\/li>\n\n\n\n<li><a>...<\/a><\/li>\n\n\n\n<li><a href='?page_no=51012'>51012<\/a><\/li>\n\n\n\n<li><a href='?page_no=51013'>51013<\/a><\/li>\n\n    \n\t\n\n<li >\n\t<a href='?page_no=24625'>Next<\/a>\n\t<\/li>\n\n\n    \n\n<li><a href='?page_no=51013'>Last &rsaquo;&rsaquo;<\/a><\/li>\n\n<\/ul>\n\n\n--><br \/>\n<\/body><\/p>\n","protected":false},"excerpt":{"rendered":"<p>Caracas, 17 mar (PL) El presidente cubano, Ra\u00fal Castro, lleg\u00f3 hoy a esta capital para asistir a la Cumbre Extraordinaria de la Alternativa Bolivariana para los Pueblos de Nuestra Am\u00e9rica, convocada en solidaridad con el hermano pueblo de Venezuela. La delegaci\u00f3n cubana a la cita est\u00e1 integrada adem\u00e1s por el ministro de Relaciones Exteriores, Bruno [&hellip;]<\/p>\n","protected":false},"author":3,"featured_media":0,"comment_status":"open","ping_status":"open","sticky":false,"template":"","format":"standard","meta":{"footnotes":""},"categories":[23],"tags":[],"class_list":["post-254979","post","type-post","status-publish","format-standard","hentry","category-internacional"],"_links":{"self":[{"href":"https:\/\/diariodominicano.com\/index.php?rest_route=\/wp\/v2\/posts\/254979","targetHints":{"allow":["GET"]}}],"collection":[{"href":"https:\/\/diariodominicano.com\/index.php?rest_route=\/wp\/v2\/posts"}],"about":[{"href":"https:\/\/diariodominicano.com\/index.php?rest_route=\/wp\/v2\/types\/post"}],"author":[{"embeddable":true,"href":"https:\/\/diariodominicano.com\/index.php?rest_route=\/wp\/v2\/users\/3"}],"replies":[{"embeddable":true,"href":"https:\/\/diariodominicano.com\/index.php?rest_route=%2Fwp%2Fv2%2Fcomments&post=254979"}],"version-history":[{"count":0,"href":"https:\/\/diariodominicano.com\/index.php?rest_route=\/wp\/v2\/posts\/254979\/revisions"}],"wp:attachment":[{"href":"https:\/\/diariodominicano.com\/index.php?rest_route=%2Fwp%2Fv2%2Fmedia&parent=254979"}],"wp:term":[{"taxonomy":"category","embeddable":true,"href":"https:\/\/diariodominicano.com\/index.php?rest_route=%2Fwp%2Fv2%2Fcategories&post=254979"},{"taxonomy":"post_tag","embeddable":true,"href":"https:\/\/diariodominicano.com\/index.php?rest_route=%2Fwp%2Fv2%2Ftags&post=254979"}],"curies":[{"name":"wp","href":"https:\/\/api.w.org\/{rel}","templated":true}]}}