{"id":254976,"date":"2015-03-17T13:53:12","date_gmt":"2015-03-17T13:53:12","guid":{"rendered":"http:\/\/diariodominicano.ddns.net\/?p=254976"},"modified":"2015-03-17T13:53:12","modified_gmt":"2015-03-17T13:53:12","slug":"mayoria-en-ee-uu-apoyaria-a-hillary-clinton","status":"publish","type":"post","link":"https:\/\/diariodominicano.com\/?p=254976","title":{"rendered":"&#13;&#13;Mayor\u00eda en EE.UU. apoyar\u00eda a Hillary Clinton"},"content":{"rendered":"<p><body><\/p>\n<p><img decoding=\"async\" src=\"img3\/hillaryclinton.jpg\" \/>  <\/p>\n<p><span class=\"text1noticias\">\t\t<\/span><\/p>\n<p><span class=\"text1noticias\">  <\/span><\/p>\n<\/p>\n<p><span class=\"text1noticias\">Washington, 17 mar (PL) El 57 por ciento de los estadounidenses estar\u00edan orgullosos de tener a Hillary Clinton en la presidencia del pa\u00eds, revel\u00f3 hoy una encuesta de la cadena CNN\/ORC.<\/span><\/p>\n<\/p>\n<p><span class=\"text1noticias\">Pese a ese nivel de aceptaci\u00f3n, el 51 por ciento calific\u00f3 como un hecho grave la controversia sobre el uso por Clinton del correo electr\u00f3nico privado y manifest\u00f3 que esta no hace lo suficiente para explicar la situaci\u00f3n.<\/span><\/p>\n<\/p>\n<p><span class=\"text1noticias\">El muestreo se\u00f1al\u00f3 que el \u00edndice de favorabilidad para Clinton, el principal candidato para la nominaci\u00f3n presidencial dem\u00f3crata, cay\u00f3 seis puntos porcentuales desde noviembre de 2014.<\/span><\/p>\n<\/p>\n<p><span class=\"text1noticias\">La pol\u00e9mica se desat\u00f3 despu\u00e9s de los informes sobre el uso del correo electr\u00f3nico desde una direcci\u00f3n privada mientras se desempe\u00f1aba como secretaria de Estado.<\/span><\/p>\n<\/p>\n<p><span class=\"text1noticias\">Legisladores republicanos critican el uso por Hillary de la cuenta de correo electr\u00f3nico privada, mientras presionan con nuevas citaciones en su investigaci\u00f3n de los ataques terroristas contra el consulado estadounidense en Bengasi, Libia.<\/span><\/p>\n<\/p>\n<p><span class=\"text1noticias\">El porcentaje de estadounidenses que dijeron que estar\u00edan orgullosos de tener a Clinton como presidente subi\u00f3 un siete por ciento respecto al a\u00f1o pasado.<\/span><\/p>\n<\/p>\n<p><span class=\"text1noticias\">La pesquisa de de CNN \/ ORC tiene un margen de error de tres puntos porcentuales y los resultados provienen de la consulta a mil nueve estadounidenses.<\/span><\/p>\n<h6> 2015-03-17 13:53:12 <\/h6>\n<p><!--\n<link rel=\"stylesheet\" href=\"css\/bootstrap.min.css\">\n\n\n<ul class=\"pagination\">\n\t    \n\t\n\n<li >\n\t<a href='?page_no=24620'>Previous<\/a>\n\t<\/li>\n\n\n       \n    \n\n<li><a href='?page_no=1'>1<\/a><\/li>\n\n\n\n<li><a href='?page_no=2'>2<\/a><\/li>\n\n\n\n<li><a>...<\/a><\/li>\n\n\n\n<li><a href='?page_no=24619'>24619<\/a><\/li>\n\n\n\n<li><a href='?page_no=24620'>24620<\/a><\/li>\n\n\n\n<li class='active'><a>24621<\/a><\/li>\n\n\n\n<li><a href='?page_no=24622'>24622<\/a><\/li>\n\n\n\n<li><a href='?page_no=24623'>24623<\/a><\/li>\n\n\n\n<li><a>...<\/a><\/li>\n\n\n\n<li><a href='?page_no=51012'>51012<\/a><\/li>\n\n\n\n<li><a href='?page_no=51013'>51013<\/a><\/li>\n\n    \n\t\n\n<li >\n\t<a href='?page_no=24622'>Next<\/a>\n\t<\/li>\n\n\n    \n\n<li><a href='?page_no=51013'>Last &rsaquo;&rsaquo;<\/a><\/li>\n\n<\/ul>\n\n\n--><br \/>\n<\/body><\/p>\n","protected":false},"excerpt":{"rendered":"<p>Washington, 17 mar (PL) El 57 por ciento de los estadounidenses estar\u00edan orgullosos de tener a Hillary Clinton en la presidencia del pa\u00eds, revel\u00f3 hoy una encuesta de la cadena CNN\/ORC. Pese a ese nivel de aceptaci\u00f3n, el 51 por ciento calific\u00f3 como un hecho grave la controversia sobre el uso por Clinton del correo [&hellip;]<\/p>\n","protected":false},"author":3,"featured_media":0,"comment_status":"open","ping_status":"open","sticky":false,"template":"","format":"standard","meta":{"footnotes":""},"categories":[23],"tags":[],"class_list":["post-254976","post","type-post","status-publish","format-standard","hentry","category-internacional"],"_links":{"self":[{"href":"https:\/\/diariodominicano.com\/index.php?rest_route=\/wp\/v2\/posts\/254976","targetHints":{"allow":["GET"]}}],"collection":[{"href":"https:\/\/diariodominicano.com\/index.php?rest_route=\/wp\/v2\/posts"}],"about":[{"href":"https:\/\/diariodominicano.com\/index.php?rest_route=\/wp\/v2\/types\/post"}],"author":[{"embeddable":true,"href":"https:\/\/diariodominicano.com\/index.php?rest_route=\/wp\/v2\/users\/3"}],"replies":[{"embeddable":true,"href":"https:\/\/diariodominicano.com\/index.php?rest_route=%2Fwp%2Fv2%2Fcomments&post=254976"}],"version-history":[{"count":0,"href":"https:\/\/diariodominicano.com\/index.php?rest_route=\/wp\/v2\/posts\/254976\/revisions"}],"wp:attachment":[{"href":"https:\/\/diariodominicano.com\/index.php?rest_route=%2Fwp%2Fv2%2Fmedia&parent=254976"}],"wp:term":[{"taxonomy":"category","embeddable":true,"href":"https:\/\/diariodominicano.com\/index.php?rest_route=%2Fwp%2Fv2%2Fcategories&post=254976"},{"taxonomy":"post_tag","embeddable":true,"href":"https:\/\/diariodominicano.com\/index.php?rest_route=%2Fwp%2Fv2%2Ftags&post=254976"}],"curies":[{"name":"wp","href":"https:\/\/api.w.org\/{rel}","templated":true}]}}