{"id":254975,"date":"2015-03-17T14:12:50","date_gmt":"2015-03-17T14:12:50","guid":{"rendered":"http:\/\/diariodominicano.ddns.net\/?p=254975"},"modified":"2015-03-17T14:12:50","modified_gmt":"2015-03-17T14:12:50","slug":"desmantelaran-reactores-en-centrales-nucleares-de-japon","status":"publish","type":"post","link":"https:\/\/diariodominicano.com\/?p=254975","title":{"rendered":"&#13;&#13;Desmantelar\u00e1n reactores en centrales nucleares de Jap\u00f3n"},"content":{"rendered":"<p><body><\/p>\n<p><img decoding=\"async\" src=\"img3\/reactor.jpg\" \/>  <\/p>\n<p><span class=\"text1noticias\">\t<\/span><\/p>\n<p><span class=\"text1noticias\">  <\/span><\/p>\n<\/p>\n<p><span class=\"text1noticias\">Tokio, 17 mar (PL) Empresas operadoras de centrales nucleares en la prefectura nipona de Fukui desmantelar\u00e1n pr\u00f3ximamente tres reactores en esa demarcaci\u00f3n por sobrepasar los 40 a\u00f1os de funcionamiento, informaron hoy fuentes gubernamentales.<\/span><\/p>\n<\/p>\n<p><span class=\"text1noticias\">Esos cierres definitivos, los primeros tras el desastre de marzo de 2011 en la central nuclear de Fukushima, aparte de la clausura de los reactores de dicha planta, se realizar\u00e1n en las entidades at\u00f3micas de Mihama y Tsuruga, ambas ubicadas en Fukui.<\/span><\/p>\n<\/p>\n<p><span class=\"text1noticias\">En la planta de Mihama desmontaremos los reactores uno y dos, detall\u00f3 el presidente de la Compa\u00f1\u00eda de Electricidad de Kansai, Makoto Yagi.<\/span><\/p>\n<\/p>\n<p><span class=\"text1noticias\">Por su parte, el consejo directivo de la Compa\u00f1\u00eda de Energ\u00eda At\u00f3mica de Jap\u00f3n precis\u00f3 que en la planta de Tsuruga se desactivar\u00e1 el reactor n\u00famero uno.<\/span><\/p>\n<\/p>\n<p><span class=\"text1noticias\">Tambi\u00e9n, otros tres reactores, ubicados en centrales nucleares en las prefecturas de Ibaraki y Shizuoka est\u00e1n en proceso de ser desmantelados, difundi\u00f3 la cadena p\u00fablica televisiva NHK.<\/span><\/p>\n<\/p>\n<p><span class=\"text1noticias\">La decisi\u00f3n de clausurar reactores en unidades nucleares niponas responde a una normativa gubernamental que establece cuatro d\u00e9cadas como l\u00edmite para el funcionamiento de esos equipos en este pa\u00eds asi\u00e1tico.<\/span><\/p>\n<\/p>\n<p><span class=\"text1noticias\">Al desmontar plantas at\u00f3micas, las entidades operadoras deben ocuparse del almacenamiento de los escombros radiactivos, afirm\u00f3, por su parte, el ministro de Econom\u00eda, Comercio e Industria, Yoichi Miyazawa.<\/span><\/p>\n<\/p>\n<p><span class=\"text1noticias\">En conferencia de prensa, Miyazawa expres\u00f3 que las empresas deben laborar para encontrar lugares apropiados para el dep\u00f3sito de residuales radiactivos.<\/span><\/p>\n<\/p>\n<p><span class=\"text1noticias\">Las autoridades reconocen que en el pa\u00eds no existen suficientes instalaciones capaces de almacenar desechos radiactivos de 50 a 100 metros de profundidad.<\/span><\/p>\n<\/p>\n<p><span class=\"text1noticias\">De eliminarse los 57 reactores de centrales at\u00f3micas se generar\u00edan m\u00e1s de 400 mil toneladas de residuos con bajos niveles radiactivos, apunt\u00f3 la Federaci\u00f3n de Compa\u00f1\u00edas El\u00e9ctricas de Jap\u00f3n.<\/span><\/p>\n<\/p>\n<h6> 2015-03-17 14:12:50 <\/h6>\n<p><!--\n<link rel=\"stylesheet\" href=\"css\/bootstrap.min.css\">\n\n\n<ul class=\"pagination\">\n\t    \n\t\n\n<li >\n\t<a href='?page_no=24619'>Previous<\/a>\n\t<\/li>\n\n\n       \n    \n\n<li><a href='?page_no=1'>1<\/a><\/li>\n\n\n\n<li><a href='?page_no=2'>2<\/a><\/li>\n\n\n\n<li><a>...<\/a><\/li>\n\n\n\n<li><a href='?page_no=24618'>24618<\/a><\/li>\n\n\n\n<li><a href='?page_no=24619'>24619<\/a><\/li>\n\n\n\n<li class='active'><a>24620<\/a><\/li>\n\n\n\n<li><a href='?page_no=24621'>24621<\/a><\/li>\n\n\n\n<li><a href='?page_no=24622'>24622<\/a><\/li>\n\n\n\n<li><a>...<\/a><\/li>\n\n\n\n<li><a href='?page_no=51012'>51012<\/a><\/li>\n\n\n\n<li><a href='?page_no=51013'>51013<\/a><\/li>\n\n    \n\t\n\n<li >\n\t<a href='?page_no=24621'>Next<\/a>\n\t<\/li>\n\n\n    \n\n<li><a href='?page_no=51013'>Last &rsaquo;&rsaquo;<\/a><\/li>\n\n<\/ul>\n\n\n--><br \/>\n<\/body><\/p>\n","protected":false},"excerpt":{"rendered":"<p>Tokio, 17 mar (PL) Empresas operadoras de centrales nucleares en la prefectura nipona de Fukui desmantelar\u00e1n pr\u00f3ximamente tres reactores en esa demarcaci\u00f3n por sobrepasar los 40 a\u00f1os de funcionamiento, informaron hoy fuentes gubernamentales. Esos cierres definitivos, los primeros tras el desastre de marzo de 2011 en la central nuclear de Fukushima, aparte de la clausura [&hellip;]<\/p>\n","protected":false},"author":3,"featured_media":0,"comment_status":"open","ping_status":"open","sticky":false,"template":"","format":"standard","meta":{"footnotes":""},"categories":[23],"tags":[],"class_list":["post-254975","post","type-post","status-publish","format-standard","hentry","category-internacional"],"_links":{"self":[{"href":"https:\/\/diariodominicano.com\/index.php?rest_route=\/wp\/v2\/posts\/254975","targetHints":{"allow":["GET"]}}],"collection":[{"href":"https:\/\/diariodominicano.com\/index.php?rest_route=\/wp\/v2\/posts"}],"about":[{"href":"https:\/\/diariodominicano.com\/index.php?rest_route=\/wp\/v2\/types\/post"}],"author":[{"embeddable":true,"href":"https:\/\/diariodominicano.com\/index.php?rest_route=\/wp\/v2\/users\/3"}],"replies":[{"embeddable":true,"href":"https:\/\/diariodominicano.com\/index.php?rest_route=%2Fwp%2Fv2%2Fcomments&post=254975"}],"version-history":[{"count":0,"href":"https:\/\/diariodominicano.com\/index.php?rest_route=\/wp\/v2\/posts\/254975\/revisions"}],"wp:attachment":[{"href":"https:\/\/diariodominicano.com\/index.php?rest_route=%2Fwp%2Fv2%2Fmedia&parent=254975"}],"wp:term":[{"taxonomy":"category","embeddable":true,"href":"https:\/\/diariodominicano.com\/index.php?rest_route=%2Fwp%2Fv2%2Fcategories&post=254975"},{"taxonomy":"post_tag","embeddable":true,"href":"https:\/\/diariodominicano.com\/index.php?rest_route=%2Fwp%2Fv2%2Ftags&post=254975"}],"curies":[{"name":"wp","href":"https:\/\/api.w.org\/{rel}","templated":true}]}}