{"id":254974,"date":"2015-03-18T09:48:54","date_gmt":"2015-03-18T09:48:54","guid":{"rendered":"http:\/\/diariodominicano.ddns.net\/?p=254974"},"modified":"2015-03-18T09:48:54","modified_gmt":"2015-03-18T09:48:54","slug":"alexandra-lugaro-surge-como-la-primera-candidata-independiente-en-la-historia-politica-de-pr","status":"publish","type":"post","link":"https:\/\/diariodominicano.com\/?p=254974","title":{"rendered":"Alexandra L\u00fagaro surge como la primera candidata independiente en la historia pol\u00edtica de PR"},"content":{"rendered":"<p><body><\/p>\n<p><img decoding=\"async\" src=\"img3\/alex 2.jpg\" \/><br \/><img decoding=\"async\" src=\"img3\/candidata 1.jpeg\" \/>  <\/p>\n<p>San Juan, Puerto Rico 18 marzo.- Puerto Rico cuenta desde ayer con la primera candidata independiente de su historia para gobernar la isla: Una joven abogada y empresaria con amplia formaci\u00f3n acad\u00e9mica que rechaza el bipartidismo y la dictadura de las acreditadoras y encarna los valores y demandas del movimiento de los indignados.<\/p>\n<\/p>\n<p>\u00abMe encantar\u00eda reunir el apoyo de esa poblaci\u00f3n puertorrique\u00f1a que, como en otros pa\u00edses, est\u00e1 cansada del bipartidismo y quiere que se administren bien sus fondos y se apliquen pol\u00edticas actuales\u00bb, explic\u00f3 hoy Alexandra L\u00fagaro minutos despu\u00e9s de hacer p\u00fablica esta candidatura hist\u00f3rica.<\/p>\n<\/p>\n<p>A sus 33 a\u00f1os y a punto de acabar su doctorado en la Universidad Complutense de Madrid, no duda en levantar sus cartas: Renegociar la deuda si es necesario, legalizar la marihuana y los matrimonios homosexuales, imponer impuestos a las instituciones religiosas y educar en la perspectiva de g\u00e9nero, entre otras.<\/p>\n<\/p>\n<p>Todas ellas son asuntos muy pol\u00e9micos en la isla y L\u00fagano dice ser consciente de que un candidato de un partido mayoritario no podr\u00eda permitirse ser tan claro al respecto.<\/p>\n<\/p>\n<p>Sin embargo, \u00abestoy convencida de que hay mucha gente en Puerto Rico que cree que esto es bueno y necesario; que est\u00e1 cansada de pol\u00edticos que cada cuatro a\u00f1os cambian a todos los empleados, desmantelan lo conseguido y se ponen a gobernar sin ofrecer verdaderas alternativas\u00bb.<\/p>\n<\/p>\n<p>Elegante y atractiva, reconoce que es f\u00e1cil asociarla con movimientos como los que luego han encarnado partidos como Podemos en Espa\u00f1a o Syriza en Grecia, pese a que en Puerto Rico no ha habido protestas sociales de la magnitud de los \u00abindignados\u00bb, en parte debido a que mucha de esa poblaci\u00f3n potencial -a la que L\u00fagano podr\u00eda conquistar con m\u00e1s facilidad- ha emigrado a EE.UU., donde no necesitan pasaporte.<\/p>\n<\/p>\n<p>Con tan s\u00f3lo 3,6 millones de habitantes, cada a\u00f1o emigran unos 50.000 puertorrique\u00f1os, en gran parte j\u00f3venes profesionales o con alto nivel educativo que buscan una salida a una econom\u00eda que lleva m\u00e1s de ocho a\u00f1os estancada o en recesi\u00f3n.<\/p>\n<\/p>\n<p>\u00abSoy consciente de ello y conf\u00edo en que se unan a mi reclamo, porque s\u00e9 que la gran mayor\u00eda est\u00e1 deseando regresar, porque all\u00ed las cosas no son tan f\u00e1ciles, aqu\u00ed se vive mejor, hace mejor clima y no es tan aburrido\u00bb, dijo.<\/p>\n<\/p>\n<p>Aunque en Puerto Rico los partidos b\u00e1sicamente se definen por su opini\u00f3n sobre el estatus pol\u00edtico que debe tener la isla respecto de EE.UU., L\u00fagano evit\u00f3 pronunciarse al respecto.<\/p>\n<\/p>\n<p>\u00abLo que yo opine sobre lo que es mejor para Puerto Rico no importa. Lo que importa es qu\u00e9 es lo mejor para Puerto Rico objetivamente. Eso lo tenemos que estudiar con datos y con nuestros mejores expertos y presentar una propuesta seria y definitiva a Washington\u00bb, defendi\u00f3.<\/p>\n<\/p>\n<p>Lo que s\u00ed dijo abiertamente es que el estatus actual de Estado Libre Asociado a EE.UU. \u00abno es la soluci\u00f3n\u00bb, sino el culpable de gran parte de los problemas econ\u00f3micos de la isla, asfixiada por su \u00abimpagable\u00bb deuda de 73.000 millones de d\u00f3lares y las exigencias de ajustes de las agencias acreditadoras.<\/p>\n<\/p>\n<p>En ese sentido, L\u00fagano no duda en poner como ejemplo a Islandia, donde \u00abse hizo un refer\u00e9ndum, el 93 % de los ciudadanos se neg\u00f3 a reparar la deuda y el Gobierno, en lugar de ceder ante las presiones financiaras, decidi\u00f3 apoyar a sus ciudadanos y emprendi\u00f3 acciones legales contra los responsables de la crisis financiera\u00bb.<\/p>\n<\/p>\n<p>\u00abEl pa\u00eds redact\u00f3 una nueva Constituci\u00f3n con la participaci\u00f3n ciudadana de todas las ideolog\u00edas y, sin bajar la cabeza, se recuperaron del colapso financiero\u00bb, dijo L\u00fagano sobre \u00abun modelo inspirador a seguir\u00bb.<\/p>\n<\/p>\n<p>En Puerto Rico \u00abcreemos que si nos degradan el cr\u00e9dito se va a acabar el mundo\u00bb, mientras que \u00ablo que tenemos que hacer es sentar a nuestros mejores expertos y desarrollar un plan econ\u00f3mico que no se centre s\u00f3lo en los recaudos\u00bb, como en su opini\u00f3n hace el Gobierno actual.<\/p>\n<\/p>\n<p>Adem\u00e1s de econom\u00eda, el segundo pilar de la candidatura de esta mujer -que a\u00fan estudia y que llegar\u00e1 a las elecciones con los 35 a\u00f1os m\u00ednimos exigidos por ley para la Gobernaci\u00f3n reci\u00e9n cumplidos- se basa en la educaci\u00f3n.<\/p>\n<\/p>\n<p>Hija de maestra y empresaria en el \u00e1mbito educativo, L\u00fagano, que a los 12 a\u00f1os trabajaba repartiendo diarios, insiste en recuperar el prestigio y el orgullo de ser maestro, mejorar su formaci\u00f3n y su salario, y revisar el modelo educativo.<\/p>\n<\/p>\n<p>\u00abHemos copiado el sistema estadounidense que se basa en superar pruebas estandarizadas y que se ha demostrado un fracaso\u00bb, dijo tras poner como ejemplo modelos como los de Singapur, Finlandia, \u00abo incluso Cuba\u00bb.<\/p>\n<\/p>\n<p>L\u00fagano confiesa haber votado en alguna ocasi\u00f3n a los independentistas y en la \u00faltima ocasi\u00f3n al actual gobernador, \u00abalgo de lo que me arrepiento\u00bb.<\/p>\n<h6> 2015-03-18 09:48:54 <\/h6>\n<p><!--\n<link rel=\"stylesheet\" href=\"css\/bootstrap.min.css\">\n\n\n<ul class=\"pagination\">\n\t    \n\t\n\n<li >\n\t<a href='?page_no=24618'>Previous<\/a>\n\t<\/li>\n\n\n       \n    \n\n<li><a href='?page_no=1'>1<\/a><\/li>\n\n\n\n<li><a href='?page_no=2'>2<\/a><\/li>\n\n\n\n<li><a>...<\/a><\/li>\n\n\n\n<li><a href='?page_no=24617'>24617<\/a><\/li>\n\n\n\n<li><a href='?page_no=24618'>24618<\/a><\/li>\n\n\n\n<li class='active'><a>24619<\/a><\/li>\n\n\n\n<li><a href='?page_no=24620'>24620<\/a><\/li>\n\n\n\n<li><a href='?page_no=24621'>24621<\/a><\/li>\n\n\n\n<li><a>...<\/a><\/li>\n\n\n\n<li><a href='?page_no=51012'>51012<\/a><\/li>\n\n\n\n<li><a href='?page_no=51013'>51013<\/a><\/li>\n\n    \n\t\n\n<li >\n\t<a href='?page_no=24620'>Next<\/a>\n\t<\/li>\n\n\n    \n\n<li><a href='?page_no=51013'>Last &rsaquo;&rsaquo;<\/a><\/li>\n\n<\/ul>\n\n\n--><br \/>\n<\/body><\/p>\n","protected":false},"excerpt":{"rendered":"<p>San Juan, Puerto Rico 18 marzo.- Puerto Rico cuenta desde ayer con la primera candidata independiente de su historia para gobernar la isla: Una joven abogada y empresaria con amplia formaci\u00f3n acad\u00e9mica que rechaza el bipartidismo y la dictadura de las acreditadoras y encarna los valores y demandas del movimiento de los indignados. \u00abMe encantar\u00eda [&hellip;]<\/p>\n","protected":false},"author":3,"featured_media":0,"comment_status":"open","ping_status":"open","sticky":false,"template":"","format":"standard","meta":{"footnotes":""},"categories":[23],"tags":[],"class_list":["post-254974","post","type-post","status-publish","format-standard","hentry","category-internacional"],"_links":{"self":[{"href":"https:\/\/diariodominicano.com\/index.php?rest_route=\/wp\/v2\/posts\/254974","targetHints":{"allow":["GET"]}}],"collection":[{"href":"https:\/\/diariodominicano.com\/index.php?rest_route=\/wp\/v2\/posts"}],"about":[{"href":"https:\/\/diariodominicano.com\/index.php?rest_route=\/wp\/v2\/types\/post"}],"author":[{"embeddable":true,"href":"https:\/\/diariodominicano.com\/index.php?rest_route=\/wp\/v2\/users\/3"}],"replies":[{"embeddable":true,"href":"https:\/\/diariodominicano.com\/index.php?rest_route=%2Fwp%2Fv2%2Fcomments&post=254974"}],"version-history":[{"count":0,"href":"https:\/\/diariodominicano.com\/index.php?rest_route=\/wp\/v2\/posts\/254974\/revisions"}],"wp:attachment":[{"href":"https:\/\/diariodominicano.com\/index.php?rest_route=%2Fwp%2Fv2%2Fmedia&parent=254974"}],"wp:term":[{"taxonomy":"category","embeddable":true,"href":"https:\/\/diariodominicano.com\/index.php?rest_route=%2Fwp%2Fv2%2Fcategories&post=254974"},{"taxonomy":"post_tag","embeddable":true,"href":"https:\/\/diariodominicano.com\/index.php?rest_route=%2Fwp%2Fv2%2Ftags&post=254974"}],"curies":[{"name":"wp","href":"https:\/\/api.w.org\/{rel}","templated":true}]}}