{"id":254971,"date":"2015-03-18T13:20:42","date_gmt":"2015-03-18T13:20:42","guid":{"rendered":"http:\/\/diariodominicano.ddns.net\/?p=254971"},"modified":"2015-03-18T13:20:42","modified_gmt":"2015-03-18T13:20:42","slug":"excanciller-uruguayo-almagro-elegido-secretario-general-de-la-oea-2","status":"publish","type":"post","link":"https:\/\/diariodominicano.com\/?p=254971","title":{"rendered":"&#13;Excanciller uruguayo Almagro, elegido secretario general de la OEA\t\t\t&#13;"},"content":{"rendered":"<p><body><\/p>\n<\/p>\n<p><span class=\"text1noticias\">Washington, 18 mar (PL) El excanciller uruguayo Luis Almagro fue elegido hoy en esta capital, por 33 votos a favor y una abstenci\u00f3n, como nuevo secretario general de la Organizaci\u00f3n de Estados Americanos (OEA).<\/span><\/p>\n<\/p>\n<p><span class=\"text1noticias\">En asamblea general extraordinaria, los pa\u00edses miembros de ese ente multilateral dieron el visto bueno a Almagro -quien se present\u00f3 como \u00fanico candidato- para sustituir al chileno Jos\u00e9 Miguel Insulza (2005-2015), cuya gesti\u00f3n expira oficialmente el 25 de mayo pr\u00f3ximo.<\/span><\/p>\n<\/p>\n<p><span class=\"text1noticias\">Almagro, de 51 a\u00f1os, es abogado y fue canciller de Uruguay durante el mandato de Jos\u00e9 Mujica, quien entreg\u00f3 este mes la Presidencia a Tabar\u00e9 V\u00e1zquez.<\/span><\/p>\n<\/p>\n<p><span class=\"text1noticias\">Este mi\u00e9rcoles, Almagro asegur\u00f3 que asume el puesto con el objetivo de \u00abfacilitar y trabajar por una renovaci\u00f3n\u00bb en la OEA, organizaci\u00f3n con sede en Washington que re\u00fane a 34 pa\u00edses del continente.<\/span><\/p>\n<\/p>\n<p><span class=\"text1noticias\">Igualmente el diplom\u00e1tico abog\u00f3, de cara a la pr\u00f3xima Cumbre de las Am\u00e9ricas, que tendr\u00e1 lugar el mes pr\u00f3ximo en Panam\u00e1, por un hemisferio sin exclusiones.<\/span><\/p>\n<\/p>\n<h6> 2015-03-18 13:20:42 <\/h6>\n<p><!--\n<link rel=\"stylesheet\" href=\"css\/bootstrap.min.css\">\n\n\n<ul class=\"pagination\">\n\t    \n\t\n\n<li >\n\t<a href='?page_no=24615'>Previous<\/a>\n\t<\/li>\n\n\n       \n    \n\n<li><a href='?page_no=1'>1<\/a><\/li>\n\n\n\n<li><a href='?page_no=2'>2<\/a><\/li>\n\n\n\n<li><a>...<\/a><\/li>\n\n\n\n<li><a href='?page_no=24614'>24614<\/a><\/li>\n\n\n\n<li><a href='?page_no=24615'>24615<\/a><\/li>\n\n\n\n<li class='active'><a>24616<\/a><\/li>\n\n\n\n<li><a href='?page_no=24617'>24617<\/a><\/li>\n\n\n\n<li><a href='?page_no=24618'>24618<\/a><\/li>\n\n\n\n<li><a>...<\/a><\/li>\n\n\n\n<li><a href='?page_no=51012'>51012<\/a><\/li>\n\n\n\n<li><a href='?page_no=51013'>51013<\/a><\/li>\n\n    \n\t\n\n<li >\n\t<a href='?page_no=24617'>Next<\/a>\n\t<\/li>\n\n\n    \n\n<li><a href='?page_no=51013'>Last &rsaquo;&rsaquo;<\/a><\/li>\n\n<\/ul>\n\n\n--><br \/>\n<\/body><\/p>\n","protected":false},"excerpt":{"rendered":"<p>Washington, 18 mar (PL) El excanciller uruguayo Luis Almagro fue elegido hoy en esta capital, por 33 votos a favor y una abstenci\u00f3n, como nuevo secretario general de la Organizaci\u00f3n de Estados Americanos (OEA). En asamblea general extraordinaria, los pa\u00edses miembros de ese ente multilateral dieron el visto bueno a Almagro -quien se present\u00f3 como [&hellip;]<\/p>\n","protected":false},"author":3,"featured_media":0,"comment_status":"open","ping_status":"open","sticky":false,"template":"","format":"standard","meta":{"footnotes":""},"categories":[23],"tags":[],"class_list":["post-254971","post","type-post","status-publish","format-standard","hentry","category-internacional"],"_links":{"self":[{"href":"https:\/\/diariodominicano.com\/index.php?rest_route=\/wp\/v2\/posts\/254971","targetHints":{"allow":["GET"]}}],"collection":[{"href":"https:\/\/diariodominicano.com\/index.php?rest_route=\/wp\/v2\/posts"}],"about":[{"href":"https:\/\/diariodominicano.com\/index.php?rest_route=\/wp\/v2\/types\/post"}],"author":[{"embeddable":true,"href":"https:\/\/diariodominicano.com\/index.php?rest_route=\/wp\/v2\/users\/3"}],"replies":[{"embeddable":true,"href":"https:\/\/diariodominicano.com\/index.php?rest_route=%2Fwp%2Fv2%2Fcomments&post=254971"}],"version-history":[{"count":0,"href":"https:\/\/diariodominicano.com\/index.php?rest_route=\/wp\/v2\/posts\/254971\/revisions"}],"wp:attachment":[{"href":"https:\/\/diariodominicano.com\/index.php?rest_route=%2Fwp%2Fv2%2Fmedia&parent=254971"}],"wp:term":[{"taxonomy":"category","embeddable":true,"href":"https:\/\/diariodominicano.com\/index.php?rest_route=%2Fwp%2Fv2%2Fcategories&post=254971"},{"taxonomy":"post_tag","embeddable":true,"href":"https:\/\/diariodominicano.com\/index.php?rest_route=%2Fwp%2Fv2%2Ftags&post=254971"}],"curies":[{"name":"wp","href":"https:\/\/api.w.org\/{rel}","templated":true}]}}