{"id":254969,"date":"2015-03-18T13:42:37","date_gmt":"2015-03-18T13:42:37","guid":{"rendered":"http:\/\/diariodominicano.ddns.net\/?p=254969"},"modified":"2015-03-18T13:42:37","modified_gmt":"2015-03-18T13:42:37","slug":"descarta-iran-cambio-en-politica-israeli-con-triunfo-de-netanyahu","status":"publish","type":"post","link":"https:\/\/diariodominicano.com\/?p=254969","title":{"rendered":"&#13;Descarta Ir\u00e1n cambio en pol\u00edtica israel\u00ed con triunfo de Netanyahu"},"content":{"rendered":"<p><body><\/p>\n<p><img decoding=\"async\" src=\"img3\/iran_marzieh_afkham.jpg\" \/>  <\/p>\n<\/p>\n<p>Teher\u00e1n, 18 mar (PL) Ir\u00e1n descart\u00f3 hoy un cambio en la pol\u00edtica de Israel tras la victoria electoral del primer ministro Benjam\u00edn Netanyahu, y consider\u00f3 a todos los partidos sionistas c\u00f3mplices de los cr\u00edmenes contra el pueblo palestino.<\/p>\n<\/p>\n<p>La portavoz del Ministerio iran\u00ed de Relaciones Exteriores, Marzieh Afkham, afirm\u00f3 que todos las formaciones pol\u00edticas israel\u00edes tienen una \u00abnaturaleza agresiva\u00bb que hace dif\u00edcil prever un nuevo enfoque pol\u00edtico tras los comicios generales celebrados ayer.<\/p>\n<\/p>\n<p>\u00abLos partidos israel\u00edes son lo mismo y todos son c\u00f3mplices en sus cr\u00edmenes contra los palestinos y en sus actos de agresi\u00f3n\u00bb, recalc\u00f3 la vocera en su encuentro semanal con la prensa en Teher\u00e1n en la primera reacci\u00f3n al triunfo del partido Likud, que obtuvo al menos 30 esca\u00f1os en la Knesset (parlamento).<\/p>\n<\/p>\n<p>En la misma rueda de prensa, la \u00faltima del actual a\u00f1o del calendario persa que termina el 20 de marzo, Akfham calific\u00f3 de muy sensible y complicada la actual etapa de las negociaciones de Ir\u00e1n con seis potencias mundiales para llegar a un acuerdo nuclear.<\/p>\n<\/p>\n<p>Cit\u00f3 valoraciones del jefe de la Organizaci\u00f3n de Energ\u00eda At\u00f3mica de Ir\u00e1n, Al\u00ed Akbar Salehi, respecto a que en las pl\u00e1ticas del canciller Mohammad Javad Zarif con el secretario de Estado norteamericano, Jonh Kerry, en Lausana, se han solucionado diferencias en m\u00e1s del 90 por ciento de los temas.<\/p>\n<\/p>\n<p>Para avanzar hacia un arreglo duradero, se han realizado y se continuar\u00e1n intensas y complejas pl\u00e1ticas entre Salehi y el Secretario de Energ\u00eda estadounidense, Ernest Moniz, as\u00ed como entre Zarif y Kerry, <\/p>\n<h6> 2015-03-18 13:42:37 <\/h6>\n<p><!--\n<link rel=\"stylesheet\" href=\"css\/bootstrap.min.css\">\n\n\n<ul class=\"pagination\">\n\t    \n\t\n\n<li >\n\t<a href='?page_no=24613'>Previous<\/a>\n\t<\/li>\n\n\n       \n    \n\n<li><a href='?page_no=1'>1<\/a><\/li>\n\n\n\n<li><a href='?page_no=2'>2<\/a><\/li>\n\n\n\n<li><a>...<\/a><\/li>\n\n\n\n<li><a href='?page_no=24612'>24612<\/a><\/li>\n\n\n\n<li><a href='?page_no=24613'>24613<\/a><\/li>\n\n\n\n<li class='active'><a>24614<\/a><\/li>\n\n\n\n<li><a href='?page_no=24615'>24615<\/a><\/li>\n\n\n\n<li><a href='?page_no=24616'>24616<\/a><\/li>\n\n\n\n<li><a>...<\/a><\/li>\n\n\n\n<li><a href='?page_no=51012'>51012<\/a><\/li>\n\n\n\n<li><a href='?page_no=51013'>51013<\/a><\/li>\n\n    \n\t\n\n<li >\n\t<a href='?page_no=24615'>Next<\/a>\n\t<\/li>\n\n\n    \n\n<li><a href='?page_no=51013'>Last &rsaquo;&rsaquo;<\/a><\/li>\n\n<\/ul>\n\n\n--><br \/>\n<\/body><\/p>\n","protected":false},"excerpt":{"rendered":"<p>Teher\u00e1n, 18 mar (PL) Ir\u00e1n descart\u00f3 hoy un cambio en la pol\u00edtica de Israel tras la victoria electoral del primer ministro Benjam\u00edn Netanyahu, y consider\u00f3 a todos los partidos sionistas c\u00f3mplices de los cr\u00edmenes contra el pueblo palestino. La portavoz del Ministerio iran\u00ed de Relaciones Exteriores, Marzieh Afkham, afirm\u00f3 que todos las formaciones pol\u00edticas israel\u00edes [&hellip;]<\/p>\n","protected":false},"author":3,"featured_media":0,"comment_status":"open","ping_status":"open","sticky":false,"template":"","format":"standard","meta":{"footnotes":""},"categories":[23],"tags":[],"class_list":["post-254969","post","type-post","status-publish","format-standard","hentry","category-internacional"],"_links":{"self":[{"href":"https:\/\/diariodominicano.com\/index.php?rest_route=\/wp\/v2\/posts\/254969","targetHints":{"allow":["GET"]}}],"collection":[{"href":"https:\/\/diariodominicano.com\/index.php?rest_route=\/wp\/v2\/posts"}],"about":[{"href":"https:\/\/diariodominicano.com\/index.php?rest_route=\/wp\/v2\/types\/post"}],"author":[{"embeddable":true,"href":"https:\/\/diariodominicano.com\/index.php?rest_route=\/wp\/v2\/users\/3"}],"replies":[{"embeddable":true,"href":"https:\/\/diariodominicano.com\/index.php?rest_route=%2Fwp%2Fv2%2Fcomments&post=254969"}],"version-history":[{"count":0,"href":"https:\/\/diariodominicano.com\/index.php?rest_route=\/wp\/v2\/posts\/254969\/revisions"}],"wp:attachment":[{"href":"https:\/\/diariodominicano.com\/index.php?rest_route=%2Fwp%2Fv2%2Fmedia&parent=254969"}],"wp:term":[{"taxonomy":"category","embeddable":true,"href":"https:\/\/diariodominicano.com\/index.php?rest_route=%2Fwp%2Fv2%2Fcategories&post=254969"},{"taxonomy":"post_tag","embeddable":true,"href":"https:\/\/diariodominicano.com\/index.php?rest_route=%2Fwp%2Fv2%2Ftags&post=254969"}],"curies":[{"name":"wp","href":"https:\/\/api.w.org\/{rel}","templated":true}]}}