{"id":254959,"date":"2015-03-19T13:54:20","date_gmt":"2015-03-19T13:54:20","guid":{"rendered":"http:\/\/diariodominicano.ddns.net\/?p=254959"},"modified":"2015-03-19T13:54:20","modified_gmt":"2015-03-19T13:54:20","slug":"el-proceso-de-cambio-es-mas-importante-que-candidaturas-evo-morales","status":"publish","type":"post","link":"https:\/\/diariodominicano.com\/?p=254959","title":{"rendered":"&#13;&#13;El proceso de cambio es m\u00e1s importante que candidaturas, Evo Morales\t\t\t&#13;"},"content":{"rendered":"<p><body><\/p>\n<p><img decoding=\"async\" src=\"img3\/evo8jul.jpg\" \/>  <\/p>\n<\/p>\n<p><span class=\"text1noticias\">La Paz, 19 mar (PL) El presidente boliviano, Evo Morales, asegur\u00f3 hoy que el proceso de revoluci\u00f3n democr\u00e1tico y cultural que vive el pa\u00eds desde 2006 es m\u00e1s importante que cualquier candidatura.<\/span><\/p>\n<\/p>\n<p><span class=\"text1noticias\">El jefe de Estado se reuni\u00f3 con unos 600 representantes de juntas vecinales de esta capital y aprovech\u00f3 para insistir en la necesidad de proteger el proceso de cambio, al tiempo que agradeci\u00f3 el respaldo al oficialismo para consolidar en las urnas un tercer mandato consecutivo.<\/span><\/p>\n<\/p>\n<p><span class=\"text1noticias\">Al mismo tiempo, destac\u00f3 que el pa\u00eds avanz\u00f3 mucho tras la liberaci\u00f3n pol\u00edtica, social y econ\u00f3mica que se consolid\u00f3 debido a la participaci\u00f3n de los movimientos sociales y la conciencia social del pueblo, desde que lleg\u00f3 al poder en 2006.<\/span><\/p>\n<\/p>\n<p><span class=\"text1noticias\">Morales puso como ejemplo que antes del proceso de cambio la inversi\u00f3n p\u00fablica era de 600 millones de d\u00f3lares, mientras que en la actualidad supera los siete mil millones, al tiempo que qued\u00f3 atr\u00e1s la dependencia de los organismos financieros como el Fondo Monetario Internacional (FMI).<\/span><\/p>\n<\/p>\n<p><span class=\"text1noticias\">\u00abPor eso ahora Bolivia no solo es conocido sino es respetado en todo el mundo\u00bb, coment\u00f3 el l\u00edder ind\u00edgena, quien record\u00f3 que esa es una situaci\u00f3n novedosa, que antes no se conoc\u00eda.<\/span><\/p>\n<\/p>\n<p><span class=\"text1noticias\">El presidente record\u00f3 que en los comicios generales de octubre pasado, el Movimiento Al Socialismo gan\u00f3 todas las diputaciones uninominales en La Paz, porque existe \u00abun voto duro\u00bb, al cual apel\u00f3 para las elecciones regionales, previstas para dentro de 10 d\u00edas.<\/span><\/p>\n<\/p>\n<p><span class=\"text1noticias\">Por \u00faltimo, pidi\u00f3 a los vecinos que respalden las candidaturas de Guillermo Mendoza a alcalde capitalino y de Felipa Huanca a gobernadora del departamento de La Paz.<\/span><\/p>\n<\/p>\n<p><span class=\"text1noticias\">Tanto Mendoza como Huanca aparecen por detr\u00e1s de los candidatos de Soberan\u00eda y Libertad (Sol.bo), Luis Revilla y F\u00e9lix Patzi, seg\u00fan las \u00faltimas encuestas.<\/span><\/p>\n<\/p>\n<h6> 2015-03-19 13:54:20 <\/h6>\n<p><!--\n<link rel=\"stylesheet\" href=\"css\/bootstrap.min.css\">\n\n\n<ul class=\"pagination\">\n\t    \n\t\n\n<li >\n\t<a href='?page_no=24603'>Previous<\/a>\n\t<\/li>\n\n\n       \n    \n\n<li><a href='?page_no=1'>1<\/a><\/li>\n\n\n\n<li><a href='?page_no=2'>2<\/a><\/li>\n\n\n\n<li><a>...<\/a><\/li>\n\n\n\n<li><a href='?page_no=24602'>24602<\/a><\/li>\n\n\n\n<li><a href='?page_no=24603'>24603<\/a><\/li>\n\n\n\n<li class='active'><a>24604<\/a><\/li>\n\n\n\n<li><a href='?page_no=24605'>24605<\/a><\/li>\n\n\n\n<li><a href='?page_no=24606'>24606<\/a><\/li>\n\n\n\n<li><a>...<\/a><\/li>\n\n\n\n<li><a href='?page_no=51012'>51012<\/a><\/li>\n\n\n\n<li><a href='?page_no=51013'>51013<\/a><\/li>\n\n    \n\t\n\n<li >\n\t<a href='?page_no=24605'>Next<\/a>\n\t<\/li>\n\n\n    \n\n<li><a href='?page_no=51013'>Last &rsaquo;&rsaquo;<\/a><\/li>\n\n<\/ul>\n\n\n--><br \/>\n<\/body><\/p>\n","protected":false},"excerpt":{"rendered":"<p>La Paz, 19 mar (PL) El presidente boliviano, Evo Morales, asegur\u00f3 hoy que el proceso de revoluci\u00f3n democr\u00e1tico y cultural que vive el pa\u00eds desde 2006 es m\u00e1s importante que cualquier candidatura. El jefe de Estado se reuni\u00f3 con unos 600 representantes de juntas vecinales de esta capital y aprovech\u00f3 para insistir en la necesidad [&hellip;]<\/p>\n","protected":false},"author":3,"featured_media":0,"comment_status":"open","ping_status":"open","sticky":false,"template":"","format":"standard","meta":{"footnotes":""},"categories":[23],"tags":[],"class_list":["post-254959","post","type-post","status-publish","format-standard","hentry","category-internacional"],"_links":{"self":[{"href":"https:\/\/diariodominicano.com\/index.php?rest_route=\/wp\/v2\/posts\/254959","targetHints":{"allow":["GET"]}}],"collection":[{"href":"https:\/\/diariodominicano.com\/index.php?rest_route=\/wp\/v2\/posts"}],"about":[{"href":"https:\/\/diariodominicano.com\/index.php?rest_route=\/wp\/v2\/types\/post"}],"author":[{"embeddable":true,"href":"https:\/\/diariodominicano.com\/index.php?rest_route=\/wp\/v2\/users\/3"}],"replies":[{"embeddable":true,"href":"https:\/\/diariodominicano.com\/index.php?rest_route=%2Fwp%2Fv2%2Fcomments&post=254959"}],"version-history":[{"count":0,"href":"https:\/\/diariodominicano.com\/index.php?rest_route=\/wp\/v2\/posts\/254959\/revisions"}],"wp:attachment":[{"href":"https:\/\/diariodominicano.com\/index.php?rest_route=%2Fwp%2Fv2%2Fmedia&parent=254959"}],"wp:term":[{"taxonomy":"category","embeddable":true,"href":"https:\/\/diariodominicano.com\/index.php?rest_route=%2Fwp%2Fv2%2Fcategories&post=254959"},{"taxonomy":"post_tag","embeddable":true,"href":"https:\/\/diariodominicano.com\/index.php?rest_route=%2Fwp%2Fv2%2Ftags&post=254959"}],"curies":[{"name":"wp","href":"https:\/\/api.w.org\/{rel}","templated":true}]}}