{"id":254958,"date":"2015-03-19T13:58:04","date_gmt":"2015-03-19T13:58:04","guid":{"rendered":"http:\/\/diariodominicano.ddns.net\/?p=254958"},"modified":"2015-03-19T13:58:04","modified_gmt":"2015-03-19T13:58:04","slug":"farc-ep-denuncia-falta-de-interes-de-estado-colombiano-por-derechos","status":"publish","type":"post","link":"https:\/\/diariodominicano.com\/?p=254958","title":{"rendered":"&#13;FARC-EP denuncia falta de inter\u00e9s de Estado colombiano por derechos"},"content":{"rendered":"<p><body><\/p>\n<p><img decoding=\"async\" src=\"img3\/ivan-marquez23.jpg\" \/>  <\/p>\n<p><span class=\"text1noticias\">\t<\/span><\/p>\n<\/p>\n<p><span class=\"text1noticias\">  <\/span><\/p>\n<\/p>\n<p><span class=\"text1noticias\">La Habana, 19 mar (PL) Las insurgentes FARC-EP denunciaron hoy la falta de inter\u00e9s del Estado colombiano para respetar los derechos humanos y recordaron que este abandon\u00f3 a lo largo de la historia ese deber y procede a violarlo de forma sistem\u00e1tica.<\/span><\/p>\n<\/p>\n<p><span class=\"text1noticias\">En el contexto de los di\u00e1logos de paz que desarrollan aqu\u00ed la guerrilla con el gobierno de Juan Manuel Santos desde 2012, el comandante de las Fuerzas Armadas Revolucionarias de Colombia-Ej\u00e9rcito del Pueblo (FARC-EP) Iv\u00e1n M\u00e1rquez expuso varias reflexiones sobre el compromiso del Estado en t\u00e9rminos de derechos humanos.<\/span><\/p>\n<\/p>\n<p><span class=\"text1noticias\">En ese sentido, M\u00e1rquez expres\u00f3 que la garant\u00eda de los derechos humanos, por definici\u00f3n, es una responsabilidad central que ata\u00f1e de manera exclusiva al Estado. As\u00ed lo ha asumido el r\u00e9gimen en Colombia, pero s\u00f3lo formalmente, en la Constituci\u00f3n y la ley, dijo.<\/span><\/p>\n<\/p>\n<p><span class=\"text1noticias\">Sin embargo, manifest\u00f3, \u00abya en el plano de la realidad, hist\u00f3ricamente ha sido abandonado este deber, siendo prueba de ello la masa de violaciones a todo tipo de derechos, tanto econ\u00f3micos, sociales, culturales, ambientales, de g\u00e9nero, como pol\u00edticos y civiles\u00bb.<\/span><\/p>\n<\/p>\n<p><span class=\"text1noticias\">El l\u00edder insurgente record\u00f3 que en el marco de estos di\u00e1logos el pre\u00e1mbulo de la Agenda especifica: \u00abEl respeto de los derechos humanos en todos los confines del territorio nacional es un fin del Estado que debe promoverse\u00bb.<\/span><\/p>\n<\/p>\n<p><span class=\"text1noticias\">Al respecto, la insurgencia explic\u00f3 que toda la Agenda (de paz) y cada uno de sus puntos, por sus prop\u00f3sitos, implican una obligaci\u00f3n de Estado para la materializaci\u00f3n de los derechos humanos de los colombianos.<\/span><\/p>\n<\/p>\n<p><span class=\"text1noticias\">En segundo lugar, la guerrilla plante\u00f3 que los acuerdos de este proceso de paz deben permitir implementar unas estructuras pol\u00edtico-jur\u00eddicas capaces de poner fin a la injusticia.<\/span><\/p>\n<\/p>\n<p><span class=\"text1noticias\">Tambi\u00e9n dej\u00f3 en claro que el hecho de que las FARC-EP en muchas zonas del pa\u00eds haya tenido que asumir el papel del Estado en cuanto garantizar los derechos humanos, no implica que el Estado se pueda zafar de sus responsabilidades en este sentido: debe responder por sus actos, consider\u00f3 la guerrilla.<\/span><\/p>\n<\/p>\n<p><span class=\"text1noticias\">Finalmente las FARC-EP plantearon serias inquietudes frente a la falta de voluntad e inter\u00e9s por parte del Estado colombiano para respetar los derechos humanos, ya que \u00abel enfoque integral, territorial y medioambiental\u00bb est\u00e1 ausente en sus pol\u00edticas.<\/span><\/p>\n<\/p>\n<p><span class=\"text1noticias\">Adem\u00e1s, el comandante guerrillero refiri\u00f3 que con su constante saboteo y ataques contra la tregua unilateral de las FARC-EP, el Estado viola los Convenios de Ginebra en su m\u00e1s amplio sentido, porque \u00abobstruir la tregua es privar a la poblaci\u00f3n civil de un derecho adquirido por los no combatientes\u00bb, dijo.<\/span><\/p>\n<\/p>\n<h6> 2015-03-19 13:58:04 <\/h6>\n<p><!--\n<link rel=\"stylesheet\" href=\"css\/bootstrap.min.css\">\n\n\n<ul class=\"pagination\">\n\t    \n\t\n\n<li >\n\t<a href='?page_no=24602'>Previous<\/a>\n\t<\/li>\n\n\n       \n    \n\n<li><a href='?page_no=1'>1<\/a><\/li>\n\n\n\n<li><a href='?page_no=2'>2<\/a><\/li>\n\n\n\n<li><a>...<\/a><\/li>\n\n\n\n<li><a href='?page_no=24601'>24601<\/a><\/li>\n\n\n\n<li><a href='?page_no=24602'>24602<\/a><\/li>\n\n\n\n<li class='active'><a>24603<\/a><\/li>\n\n\n\n<li><a href='?page_no=24604'>24604<\/a><\/li>\n\n\n\n<li><a href='?page_no=24605'>24605<\/a><\/li>\n\n\n\n<li><a>...<\/a><\/li>\n\n\n\n<li><a href='?page_no=51012'>51012<\/a><\/li>\n\n\n\n<li><a href='?page_no=51013'>51013<\/a><\/li>\n\n    \n\t\n\n<li >\n\t<a href='?page_no=24604'>Next<\/a>\n\t<\/li>\n\n\n    \n\n<li><a href='?page_no=51013'>Last &rsaquo;&rsaquo;<\/a><\/li>\n\n<\/ul>\n\n\n--><br \/>\n<\/body><\/p>\n","protected":false},"excerpt":{"rendered":"<p>La Habana, 19 mar (PL) Las insurgentes FARC-EP denunciaron hoy la falta de inter\u00e9s del Estado colombiano para respetar los derechos humanos y recordaron que este abandon\u00f3 a lo largo de la historia ese deber y procede a violarlo de forma sistem\u00e1tica. En el contexto de los di\u00e1logos de paz que desarrollan aqu\u00ed la guerrilla [&hellip;]<\/p>\n","protected":false},"author":3,"featured_media":0,"comment_status":"open","ping_status":"open","sticky":false,"template":"","format":"standard","meta":{"footnotes":""},"categories":[23],"tags":[],"class_list":["post-254958","post","type-post","status-publish","format-standard","hentry","category-internacional"],"_links":{"self":[{"href":"https:\/\/diariodominicano.com\/index.php?rest_route=\/wp\/v2\/posts\/254958","targetHints":{"allow":["GET"]}}],"collection":[{"href":"https:\/\/diariodominicano.com\/index.php?rest_route=\/wp\/v2\/posts"}],"about":[{"href":"https:\/\/diariodominicano.com\/index.php?rest_route=\/wp\/v2\/types\/post"}],"author":[{"embeddable":true,"href":"https:\/\/diariodominicano.com\/index.php?rest_route=\/wp\/v2\/users\/3"}],"replies":[{"embeddable":true,"href":"https:\/\/diariodominicano.com\/index.php?rest_route=%2Fwp%2Fv2%2Fcomments&post=254958"}],"version-history":[{"count":0,"href":"https:\/\/diariodominicano.com\/index.php?rest_route=\/wp\/v2\/posts\/254958\/revisions"}],"wp:attachment":[{"href":"https:\/\/diariodominicano.com\/index.php?rest_route=%2Fwp%2Fv2%2Fmedia&parent=254958"}],"wp:term":[{"taxonomy":"category","embeddable":true,"href":"https:\/\/diariodominicano.com\/index.php?rest_route=%2Fwp%2Fv2%2Fcategories&post=254958"},{"taxonomy":"post_tag","embeddable":true,"href":"https:\/\/diariodominicano.com\/index.php?rest_route=%2Fwp%2Fv2%2Ftags&post=254958"}],"curies":[{"name":"wp","href":"https:\/\/api.w.org\/{rel}","templated":true}]}}