{"id":254956,"date":"2015-03-19T14:04:38","date_gmt":"2015-03-19T14:04:38","guid":{"rendered":"http:\/\/diariodominicano.ddns.net\/?p=254956"},"modified":"2015-03-19T14:04:38","modified_gmt":"2015-03-19T14:04:38","slug":"ecuador-aspira-a-que-cumbre-de-las-americas-tenga-agenda-positiva","status":"publish","type":"post","link":"https:\/\/diariodominicano.com\/?p=254956","title":{"rendered":"&#13;Ecuador aspira a que Cumbre de las Am\u00e9ricas tenga agenda positiva"},"content":{"rendered":"<p><body><\/p>\n<p><img decoding=\"async\" src=\"img3\/ricardo-patino3.jpg\" \/>  <\/p>\n<p><span class=\"text1noticias\">\t\t<\/span><\/p>\n<p><span class=\"text1noticias\">  <\/span><\/p>\n<\/p>\n<p><span class=\"text1noticias\">Quito, 19 mar (PL) El canciller Ricardo Pati\u00f1o asegur\u00f3 hoy que Ecuador aspira a que la pr\u00f3xima Cumbre de las Am\u00e9ricas tenga una agenda positiva, si Estados Unidos atiende el pedido de la regi\u00f3n de deponer sus amenazas contra Venezuela.<\/span><\/p>\n<\/p>\n<p><span class=\"text1noticias\">La aspiraci\u00f3n es que antes de la Cumbre de las Am\u00e9ricas se pueda iniciar un acercamiento pol\u00edtico entre Venezuela y Estados Unidos, expres\u00f3 el jefe de la diplomacia ecuatoriana en rueda de prensa ofrecida este jueves en Washington, y que fue transmitida v\u00eda Internet por la canciller\u00eda local.<\/span><\/p>\n<\/p>\n<p><span class=\"text1noticias\">Tras advertir que los pa\u00edses latinoamericanos no tolerar\u00e1n injerencias en la regi\u00f3n, Pati\u00f1o record\u00f3 que la Uni\u00f3n de Naciones Suramericanas y la Alianza Bolivariana para los Pueblos de Nuestra Am\u00e9rica hicieron un pedido respetuoso a la Casa Blanca para que derogue el decreto ejecutivo que declara al pa\u00eds suramericano una amenaza contra la seguridad nacional estadounidense.<\/span><\/p>\n<\/p>\n<p><span class=\"text1noticias\">Ambos bloques tambi\u00e9n solicitaron a Washington en sendas declaraciones emitidas recientemente promover canales de di\u00e1logo con Caracas, en lugar de apelar a la confrontaci\u00f3n.<\/span><\/p>\n<\/p>\n<p><span class=\"text1noticias\">Consideramos que no tiene proporci\u00f3n pensar que Venezuela pueda constituir una amenaza para Estados Unidos, de ninguna manera, expres\u00f3 Pati\u00f1o.<\/span><\/p>\n<\/p>\n<p><span class=\"text1noticias\">El canciller ecuatoriano alert\u00f3 que la medida puede afectar la tranquilidad en Am\u00e9rica Latina, y por eso, reiter\u00f3, hay una respuesta como regi\u00f3n.<\/span><\/p>\n<\/p>\n<p><span class=\"text1noticias\">Consider\u00f3 tambi\u00e9n que el decreto firmado por el presidente Barack Obama el 9 de marzo pasado implica una clara injerencia en los asuntos internos de otros Estados.<\/span><\/p>\n<\/p>\n<p><span class=\"text1noticias\">Pati\u00f1o reiter\u00f3 la disposici\u00f3n de Ecuador a brindarle facilidades a Suecia para que interrogue al fundador de Wikileaks, Julian Assange, en su legaci\u00f3n diplom\u00e1tica en Londres, aunque critic\u00f3 la demora de la justicia sueca en tomar esa decisi\u00f3n.<\/span><\/p>\n<\/p>\n<p><span class=\"text1noticias\">La tardanza en tomarle las declaraciones a Assange evidencia una falencia fundamental en el proceso judicial, apunt\u00f3.<\/span><\/p>\n<\/p>\n<p><span class=\"text1noticias\">Interrogado sobre la posici\u00f3n ecuatoriana de cara a la pr\u00f3xima cumbre sobre el cambio clim\u00e1tico, adelant\u00f3 que su pa\u00eds aspira a que se logren compromisos efectivos en la disminuci\u00f3n de los niveles de contaminaci\u00f3n.<\/span><\/p>\n<\/p>\n<p><span class=\"text1noticias\">Se\u00f1al\u00f3 que en ese sentido, Ecuador trabaja en planes concretos como es la construcci\u00f3n de ocho hidroel\u00e9ctricas que para 2016 permitir\u00e1n generar el 94 por ciento de la electricidad que requiere el pa\u00eds a partir de fuentes renovables.<\/span><\/p>\n<h6> 2015-03-19 14:04:38 <\/h6>\n<p><!--\n<link rel=\"stylesheet\" href=\"css\/bootstrap.min.css\">\n\n\n<ul class=\"pagination\">\n\t    \n\t\n\n<li >\n\t<a href='?page_no=24600'>Previous<\/a>\n\t<\/li>\n\n\n       \n    \n\n<li><a href='?page_no=1'>1<\/a><\/li>\n\n\n\n<li><a href='?page_no=2'>2<\/a><\/li>\n\n\n\n<li><a>...<\/a><\/li>\n\n\n\n<li><a href='?page_no=24599'>24599<\/a><\/li>\n\n\n\n<li><a href='?page_no=24600'>24600<\/a><\/li>\n\n\n\n<li class='active'><a>24601<\/a><\/li>\n\n\n\n<li><a href='?page_no=24602'>24602<\/a><\/li>\n\n\n\n<li><a href='?page_no=24603'>24603<\/a><\/li>\n\n\n\n<li><a>...<\/a><\/li>\n\n\n\n<li><a href='?page_no=51012'>51012<\/a><\/li>\n\n\n\n<li><a href='?page_no=51013'>51013<\/a><\/li>\n\n    \n\t\n\n<li >\n\t<a href='?page_no=24602'>Next<\/a>\n\t<\/li>\n\n\n    \n\n<li><a href='?page_no=51013'>Last &rsaquo;&rsaquo;<\/a><\/li>\n\n<\/ul>\n\n\n--><br \/>\n<\/body><\/p>\n","protected":false},"excerpt":{"rendered":"<p>Quito, 19 mar (PL) El canciller Ricardo Pati\u00f1o asegur\u00f3 hoy que Ecuador aspira a que la pr\u00f3xima Cumbre de las Am\u00e9ricas tenga una agenda positiva, si Estados Unidos atiende el pedido de la regi\u00f3n de deponer sus amenazas contra Venezuela. La aspiraci\u00f3n es que antes de la Cumbre de las Am\u00e9ricas se pueda iniciar un [&hellip;]<\/p>\n","protected":false},"author":3,"featured_media":0,"comment_status":"open","ping_status":"open","sticky":false,"template":"","format":"standard","meta":{"footnotes":""},"categories":[23],"tags":[],"class_list":["post-254956","post","type-post","status-publish","format-standard","hentry","category-internacional"],"_links":{"self":[{"href":"https:\/\/diariodominicano.com\/index.php?rest_route=\/wp\/v2\/posts\/254956","targetHints":{"allow":["GET"]}}],"collection":[{"href":"https:\/\/diariodominicano.com\/index.php?rest_route=\/wp\/v2\/posts"}],"about":[{"href":"https:\/\/diariodominicano.com\/index.php?rest_route=\/wp\/v2\/types\/post"}],"author":[{"embeddable":true,"href":"https:\/\/diariodominicano.com\/index.php?rest_route=\/wp\/v2\/users\/3"}],"replies":[{"embeddable":true,"href":"https:\/\/diariodominicano.com\/index.php?rest_route=%2Fwp%2Fv2%2Fcomments&post=254956"}],"version-history":[{"count":0,"href":"https:\/\/diariodominicano.com\/index.php?rest_route=\/wp\/v2\/posts\/254956\/revisions"}],"wp:attachment":[{"href":"https:\/\/diariodominicano.com\/index.php?rest_route=%2Fwp%2Fv2%2Fmedia&parent=254956"}],"wp:term":[{"taxonomy":"category","embeddable":true,"href":"https:\/\/diariodominicano.com\/index.php?rest_route=%2Fwp%2Fv2%2Fcategories&post=254956"},{"taxonomy":"post_tag","embeddable":true,"href":"https:\/\/diariodominicano.com\/index.php?rest_route=%2Fwp%2Fv2%2Ftags&post=254956"}],"curies":[{"name":"wp","href":"https:\/\/api.w.org\/{rel}","templated":true}]}}