{"id":254955,"date":"2015-03-19T14:10:10","date_gmt":"2015-03-19T14:10:10","guid":{"rendered":"http:\/\/diariodominicano.ddns.net\/?p=254955"},"modified":"2015-03-19T14:10:10","modified_gmt":"2015-03-19T14:10:10","slug":"congreso-de-ee-uu-los-pretextos-para-ampliar-el-uso-de-la-fuerza","status":"publish","type":"post","link":"https:\/\/diariodominicano.com\/?p=254955","title":{"rendered":"&#13;Congreso de EE.UU.: los pretextos para ampliar el uso de la fuerza\t\t\t&#13;"},"content":{"rendered":"<p><body><\/p>\n<p><img decoding=\"async\" src=\"img3\/congreso-eeuu.jpg\" \/>  <\/p>\n<\/p>\n<p>La Habana (PL) La pol\u00edtica exterior de la Casa Blanca est\u00e1 bajo un detallado escrutinio del Congreso norteamericano, en particular la estrategia contra el Estado Isl\u00e1mico (EI), destinada a extender la guerra contra los fundamentalistas, sin l\u00edmites de fronteras.<\/p>\n<\/p>\n<p>El Comit\u00e9 de Relaciones Exteriores del Senado examin\u00f3 el 11 de marzo el proyecto de Autorizaci\u00f3n para el Uso de la Fuerza Militar (AUMF) -con el fin de combatir al EI en Iraq y Siria- presentado en febrero pasado al Capitolio por el presidente Barack Obama.<\/p>\n<\/p>\n<p>Asistieron a la sesi\u00f3n el secretario de Estado, John Kerry, el jefe del Pent\u00e1gono, Ashton Carter, y altos oficiales de las fuerzas armadas.<\/p>\n<\/p>\n<p>Los funcionarios enfrentaron el escepticismo de los senadores de ambos partidos sobre los t\u00e9rminos de esa petici\u00f3n, que deber\u00e1 ser aprobada por ambos hemiciclos del Congreso.<\/p>\n<\/p>\n<p>Para los republicanos, la AUMF no tiene todo el alcance que necesita en estos momentos y favorecen un papel m\u00e1s activo de Estados Unidos en el combate a los yihadistas, incluyendo acciones contra el Gobierno sirio, con el fin de proyectar el poder\u00edo b\u00e9lico norteamericano sin restricciones.<\/p>\n<\/p>\n<p>Por su parte, algunos dem\u00f3cratas se niegan a avalar un proyecto que no proh\u00edbe de forma expl\u00edcita el uso de grandes agrupaciones de tropas terrestres en combates de larga duraci\u00f3n y envergadura.<\/p>\n<\/p>\n<p>Sin embargo, la propuesta de Obama avalar\u00eda el uso de Fuerzas de Operaciones Especiales estadounidenses en misiones de rescate de pilotos, espionaje dentro del territorio enemigo, sabotaje, entre otras actividades.<\/p>\n<\/p>\n<p>La AUMF est\u00e1 ahora bajo el an\u00e1lisis de los paneles de la C\u00e1mara de Representantes y el Senado que atienden el tema, y si el Congreso finalmente la aprueba, tendr\u00eda validez por tres a\u00f1os, sin limitaciones geogr\u00e1ficas para que los militares norteamericanos puedan perseguir a los irregulares.<\/p>\n<\/p>\n<p>Seg\u00fan un art\u00edculo reciente de la revista estadounidense U.S. News and World Report, la solicitud provoc\u00f3 una batalla de voluntades sobre el uso de la fuerza, que pone a los congresistas ante un dilema dif\u00edcil,pues el jefe de la Casa Blanca, quiere limitar esa amenaza sin llevar el pa\u00eds a otro conflicto costoso.<\/p>\n<\/p>\n<p>A pesar del fin de la guerra en Iraq y la muerte del l\u00edder de la organizaci\u00f3n extremista Al Qaeda, Osama Bin Laden, la turbulencia en el Medio Oriente es un problema complejo para el jefe de la Casa Blanca, quien busca limitar esa amenaza sin llevar el pa\u00eds a otro conflicto costoso, a\u00f1ade la publicaci\u00f3n.<\/p>\n<\/p>\n<p>Estas discusiones en la opini\u00f3n p\u00fablica y el Congreso norteamericano tienen lugar en medio de lo que algunos expertos se\u00f1alan como un exceso de optimismo de altos oficiales estadounidenses sobre supuestos avances en la lucha contra los yihadistas.<\/p>\n<\/p>\n<p>Al respecto, el jefe del Comando Central (Centcom) de Estados Unidos, general Loyd Austin, afirm\u00f3 el 3 de marzo en el Capitolio que las fuerzas del EI que operan en Iraq y Siria est\u00e1n a punto del colapso y asegur\u00f3 que para derrotarlas no ser\u00e1 necesario el empleo de tropas terrestres norteamericanas.<\/p>\n<\/p>\n<p>De esta forma Austin intent\u00f3 neutralizar las cr\u00edticas que algunos legisladores dem\u00f3cratas y republicanos reiteran a Obama por la falta de efectividad de las acciones combativas y por su renuencia a permitir el uso de unidades de tierra en acciones contra los irregulares.<\/p>\n<\/p>\n<p>El general dijo que el grupo extremista est\u00e1 perdiendo la capacidad para gobernar y mantener bajo control \u00e1reas en territorio de Siria e Iraq, despu\u00e9s de m\u00e1s de siete meses de golpes de la coalici\u00f3n militar liderada por Washington.<\/p>\n<\/p>\n<p>Durante una audiencia en el Comit\u00e9 de Servicios Armados de la C\u00e1mara de Representantes, Austin se\u00f1al\u00f3 que esas incursiones han destruido centenares de veh\u00edculos, tanques y armas pesadas de los yihadistas, a quienes les ocasionaron cerca de tres mil bajas fatales.<\/p>\n<\/p>\n<p>Austin, quien tiene a su cargo la direcci\u00f3n de la campa\u00f1a, hizo las declaraciones durante una audiencia que analiz\u00f3 el proyecto de AUMF contra dicho grupo extremista.<\/p>\n<\/p>\n<p>A pesar de estas declaraciones del alto jefe militar, ya el jefe de la Casa Blanca autoriz\u00f3 la permanencia de unos tres mil militares en Iraq en tareas de asesor\u00eda y entrenamiento a las fuerzas de seguridad locales, con la condici\u00f3n de que no participen directamente en combate.<\/p>\n<\/p>\n<p>Si el Capitolio aprueba la solicitud, el texto tendr\u00eda validez por tres a\u00f1os y, aunque descarta el empleo de tropas terrestres en combate, autorizar\u00eda el uso de fuerzas especiales estadounidenses para operaciones de rescate de pilotos, espionaje dentro del territorio enemigo, sabotaje, entre otras misiones.<\/p>\n<\/p>\n<p>Funcionarios de la Casa Blanca han reiterado que Obama rechaza con firmeza cualquier restricci\u00f3n geogr\u00e1fica sobre las zonas en las que los militares norteamericanos pueden perseguir a los irregulares.<\/p>\n<\/p>\n<p>En este contexto, el secretario de Defensa estadounidense, Ashton Carter, dijo a principios de marzo que la AUMF debe ser flexible para lograr el \u00e9xito de las operaciones.<\/p>\n<\/p>\n<p>Durante una audiencia en el Subcomit\u00e9 de Asignaciones de Defensa en la C\u00e1mara de Representantes, Carter dijo que \u00e9l no hubiera incluido un plazo de tres a\u00f1os para llevar a cabo esa campa\u00f1a, tal y como pidi\u00f3 el presidente Barack Obama en la solicitud que envi\u00f3 al Capitolio el mes pasado.<\/p>\n<\/p>\n<p>\u00abNo le asegurar\u00eda a nadie que esta contienda contra el EI terminar\u00e1 en tres a\u00f1os, ese plazo no se debe a una petici\u00f3n del Pent\u00e1gono, sino que est\u00e1 a tono con un calendario pol\u00edtico, debido a que en 2016 habr\u00e1 elecciones presidenciales en Estados Unidos\u00bb, a\u00f1adi\u00f3 Carter.<\/p>\n<\/p>\n<p>Estados Unidos y sus aliados iniciaron el 8 de agosto pasado una campa\u00f1a a\u00e9rea contra las agrupaciones del EI en Iraq, y una operaci\u00f3n similar a partir del 23 de septiembre en territorio sirio sin la anuencia del Gobierno de Damasco.<\/p>\n<\/p>\n<p>Hasta la fecha, la coalici\u00f3n internacional encabezada por Washington ha realizado m\u00e1s de dos mil 740 bombardeos contra objetivos de los yihadistas en ambas naciones del Levante, de los cuales las aeronaves del Pent\u00e1gono han cumplido poco m\u00e1s de dos mil 200.<\/p>\n<\/p>\n<p>Aviones de combate de Francia, Reino Unido, Australia, B\u00e9lgica y Holanda participan junto a Estados Unidos en los bombardeos en territorio iraqu\u00ed, mientras que en los ataques contra Siria cooperan Arabia Saudita, Emiratos \u00c1rabes Unidos, Jordania y Bahrein.<\/p>\n<\/p>\n<p>Para algunos expertos, existen fuertes indicios de que Estados Unidos prepara una nueva guerra global contra el terrorismo, similar a la que inici\u00f3 el presidente George W. Bush (2001-2009), tras los atentados del 11 de septiembre de 2001, aunque con la impronta de esta Administraci\u00f3n dem\u00f3crata.<\/p>\n<\/p>\n<p>Fuentes de los servicios de espionaje estadounidense aseguraron al peri\u00f3dico The New York Times recientemente que la extensi\u00f3n de grupos afiliados al EI aumenta las posibilidades de que Washington inicie lo que algunos expertos se\u00f1alan como \u00abcruzada\u00bb m\u00e1s amplia contra los fundamentalistas en varias regiones del mundo.<\/p>\n<\/p>\n<p>Expertos en el tema temen que la legislaci\u00f3n que discute el Congreso sirva como marco \u00ablegal\u00bb para actividades b\u00e9licas en otros teatros de operaciones, o en alg\u00fan pa\u00eds donde Washington considere que existe \u00abuna amenaza extraordinaria e inusual a la seguridad nacional y la pol\u00edtica exterior de Estados Unidos\u00bb.<\/p>\n<\/p>\n<h6> 2015-03-19 14:10:10 <\/h6>\n<p><!--\n<link rel=\"stylesheet\" href=\"css\/bootstrap.min.css\">\n\n\n<ul class=\"pagination\">\n\t    \n\t\n\n<li >\n\t<a href='?page_no=24599'>Previous<\/a>\n\t<\/li>\n\n\n       \n    \n\n<li><a href='?page_no=1'>1<\/a><\/li>\n\n\n\n<li><a href='?page_no=2'>2<\/a><\/li>\n\n\n\n<li><a>...<\/a><\/li>\n\n\n\n<li><a href='?page_no=24598'>24598<\/a><\/li>\n\n\n\n<li><a href='?page_no=24599'>24599<\/a><\/li>\n\n\n\n<li class='active'><a>24600<\/a><\/li>\n\n\n\n<li><a href='?page_no=24601'>24601<\/a><\/li>\n\n\n\n<li><a href='?page_no=24602'>24602<\/a><\/li>\n\n\n\n<li><a>...<\/a><\/li>\n\n\n\n<li><a href='?page_no=51012'>51012<\/a><\/li>\n\n\n\n<li><a href='?page_no=51013'>51013<\/a><\/li>\n\n    \n\t\n\n<li >\n\t<a href='?page_no=24601'>Next<\/a>\n\t<\/li>\n\n\n    \n\n<li><a href='?page_no=51013'>Last &rsaquo;&rsaquo;<\/a><\/li>\n\n<\/ul>\n\n\n--><br \/>\n<\/body><\/p>\n","protected":false},"excerpt":{"rendered":"<p>La Habana (PL) La pol\u00edtica exterior de la Casa Blanca est\u00e1 bajo un detallado escrutinio del Congreso norteamericano, en particular la estrategia contra el Estado Isl\u00e1mico (EI), destinada a extender la guerra contra los fundamentalistas, sin l\u00edmites de fronteras. El Comit\u00e9 de Relaciones Exteriores del Senado examin\u00f3 el 11 de marzo el proyecto de Autorizaci\u00f3n [&hellip;]<\/p>\n","protected":false},"author":3,"featured_media":0,"comment_status":"open","ping_status":"open","sticky":false,"template":"","format":"standard","meta":{"footnotes":""},"categories":[23],"tags":[],"class_list":["post-254955","post","type-post","status-publish","format-standard","hentry","category-internacional"],"_links":{"self":[{"href":"https:\/\/diariodominicano.com\/index.php?rest_route=\/wp\/v2\/posts\/254955","targetHints":{"allow":["GET"]}}],"collection":[{"href":"https:\/\/diariodominicano.com\/index.php?rest_route=\/wp\/v2\/posts"}],"about":[{"href":"https:\/\/diariodominicano.com\/index.php?rest_route=\/wp\/v2\/types\/post"}],"author":[{"embeddable":true,"href":"https:\/\/diariodominicano.com\/index.php?rest_route=\/wp\/v2\/users\/3"}],"replies":[{"embeddable":true,"href":"https:\/\/diariodominicano.com\/index.php?rest_route=%2Fwp%2Fv2%2Fcomments&post=254955"}],"version-history":[{"count":0,"href":"https:\/\/diariodominicano.com\/index.php?rest_route=\/wp\/v2\/posts\/254955\/revisions"}],"wp:attachment":[{"href":"https:\/\/diariodominicano.com\/index.php?rest_route=%2Fwp%2Fv2%2Fmedia&parent=254955"}],"wp:term":[{"taxonomy":"category","embeddable":true,"href":"https:\/\/diariodominicano.com\/index.php?rest_route=%2Fwp%2Fv2%2Fcategories&post=254955"},{"taxonomy":"post_tag","embeddable":true,"href":"https:\/\/diariodominicano.com\/index.php?rest_route=%2Fwp%2Fv2%2Ftags&post=254955"}],"curies":[{"name":"wp","href":"https:\/\/api.w.org\/{rel}","templated":true}]}}