{"id":254954,"date":"2015-03-19T14:13:33","date_gmt":"2015-03-19T14:13:33","guid":{"rendered":"http:\/\/diariodominicano.ddns.net\/?p=254954"},"modified":"2015-03-19T14:13:33","modified_gmt":"2015-03-19T14:13:33","slug":"estado-islamico-responsable-de-los-peores-crimenes-advierte-onu","status":"publish","type":"post","link":"https:\/\/diariodominicano.com\/?p=254954","title":{"rendered":"&#13;Estado Isl\u00e1mico responsable de los peores cr\u00edmenes, advierte ONU"},"content":{"rendered":"<p><body><\/p>\n<p><img decoding=\"async\" src=\"img3\/estadoislamico2.jpg\" \/>  <\/p>\n<p><span class=\"text1noticias\">\t\t<\/span><\/p>\n<p><span class=\"text1noticias\">  <\/span><\/p>\n<\/p>\n<p><span class=\"text1noticias\">Naciones Unidas, 19 mar (PL) Los extremistas del Estado Isl\u00e1mico (EI) pudieran ser responsables de cr\u00edmenes de guerra, contra la humanidad y genocidio, los delitos m\u00e1s graves establecidos a nivel internacional, advirti\u00f3 hoy Naciones Unidas.<\/span><\/p>\n<\/p>\n<p><span class=\"text1noticias\">Seg\u00fan un reporte de la Oficina del Alto Comisionado para los Derechos Humanos, a esa conclusi\u00f3n llegaron expertos enviados al Medio Oriente para investigar el impacto de los fundamentalistas, quienes desde el a\u00f1o pasado tratan de imponer en Iraq y Siria su interpretaci\u00f3n radical de la Sharia (ley isl\u00e1mica).<\/span><\/p>\n<\/p>\n<p><span class=\"text1noticias\">M\u00e1s de un centenar de testigos y sobrevivientes de los ataques del EI entre junio de 2014 y febrero de 2015 en territorio iraqu\u00ed ratificaron las denuncias sobre las violaciones de los derechos humanos cometidas por los fundamentalistas sunnitas, precisaron.<\/span><\/p>\n<\/p>\n<p><span class=\"text1noticias\">De acuerdo con la Oficina del Alto Comisionado, diversos grupos \u00e9tnicos y religiosos han sido v\u00edctimas de atroces actos, los cuales encajan en la categor\u00eda de genocidio, definido en una Convenci\u00f3n que data de 1948 y por el Estatuto de Roma de la Corte Penal Internacional (CPI), de 1998.<\/span><\/p>\n<\/p>\n<p><span class=\"text1noticias\">Asesinatos, torturas, secuestros, esclavitud y abusos sexuales, conversiones religiosas forzadas y reclutamiento de ni\u00f1os soldados forman parte del arsenal de cr\u00edmenes cometidos por los extremistas.<\/span><\/p>\n<\/p>\n<p><span class=\"text1noticias\">El informe de la ONU sugiere que el intento de exterminar en Iraq a los Yezidi demuestra la acusaci\u00f3n de genocidio.<\/span><\/p>\n<\/p>\n<p><span class=\"text1noticias\">En agosto pasado, el EI atac\u00f3 comunidades de ese grupo \u00e9tnico-religioso en la gobernaci\u00f3n de Ninewa, donde asesin\u00f3 a los hombres, tom\u00f3 a las mujeres como \u00abbot\u00edn de guerra\u00bb y convirti\u00f3 a los ni\u00f1os en combatientes.<\/span><\/p>\n<\/p>\n<p><span class=\"text1noticias\">Asimismo, cristianos, kurdos, chiitas, turcos, kakai y mandeos sabeos fueron v\u00edctimas de la brutalidad del EI en el per\u00edodo analizado, se\u00f1al\u00f3 Naciones Unidas en su reporte.<\/span><\/p>\n<\/p>\n<p><span class=\"text1noticias\">Los investigadores encontraron que en el enfrentamiento a los takfiristas, las fuerzas de seguridad iraqu\u00edes y milicias asociadas tambi\u00e9n cometieron serias violaciones de los derechos humanos.<\/span><\/p>\n<\/p>\n<p><span class=\"text1noticias\">Durante la campa\u00f1a militar del verano de 2014 contra el EI, milicianos operaron con total impunidad, dejando a su pasado destrucci\u00f3n y muerte, denunciaron.<\/span><\/p>\n<\/p>\n<p><span class=\"text1noticias\">La Oficina del Alto Comisionado para los Derechos Humanos record\u00f3 al Gobierno sus responsabilidades, como la investigaci\u00f3n y el procesamiento de los responsables de cr\u00edmenes.<\/span><\/p>\n<\/p>\n<p><span class=\"text1noticias\">Adem\u00e1s, lo inst\u00f3 a incorporarse al Estatuto de Roma de la CPI.<\/span><\/p>\n<\/p>\n<p><span class=\"text1noticias\">El reporte sobre los cr\u00edmenes del EI recoge un llamado al Consejo de Seguridad y al Consejo de Derechos Humanos de la ONU a encarar con firmeza el tema, incluyendo la posibilidad de remitir a Iraq a la Corte.<\/span><\/p>\n<h6> 2015-03-19 14:13:33 <\/h6>\n<p><!--\n<link rel=\"stylesheet\" href=\"css\/bootstrap.min.css\">\n\n\n<ul class=\"pagination\">\n\t    \n\t\n\n<li >\n\t<a href='?page_no=24598'>Previous<\/a>\n\t<\/li>\n\n\n       \n    \n\n<li><a href='?page_no=1'>1<\/a><\/li>\n\n\n\n<li><a href='?page_no=2'>2<\/a><\/li>\n\n\n\n<li><a>...<\/a><\/li>\n\n\n\n<li><a href='?page_no=24597'>24597<\/a><\/li>\n\n\n\n<li><a href='?page_no=24598'>24598<\/a><\/li>\n\n\n\n<li class='active'><a>24599<\/a><\/li>\n\n\n\n<li><a href='?page_no=24600'>24600<\/a><\/li>\n\n\n\n<li><a href='?page_no=24601'>24601<\/a><\/li>\n\n\n\n<li><a>...<\/a><\/li>\n\n\n\n<li><a href='?page_no=51012'>51012<\/a><\/li>\n\n\n\n<li><a href='?page_no=51013'>51013<\/a><\/li>\n\n    \n\t\n\n<li >\n\t<a href='?page_no=24600'>Next<\/a>\n\t<\/li>\n\n\n    \n\n<li><a href='?page_no=51013'>Last &rsaquo;&rsaquo;<\/a><\/li>\n\n<\/ul>\n\n\n--><br \/>\n<\/body><\/p>\n","protected":false},"excerpt":{"rendered":"<p>Naciones Unidas, 19 mar (PL) Los extremistas del Estado Isl\u00e1mico (EI) pudieran ser responsables de cr\u00edmenes de guerra, contra la humanidad y genocidio, los delitos m\u00e1s graves establecidos a nivel internacional, advirti\u00f3 hoy Naciones Unidas. Seg\u00fan un reporte de la Oficina del Alto Comisionado para los Derechos Humanos, a esa conclusi\u00f3n llegaron expertos enviados al [&hellip;]<\/p>\n","protected":false},"author":3,"featured_media":0,"comment_status":"open","ping_status":"open","sticky":false,"template":"","format":"standard","meta":{"footnotes":""},"categories":[23],"tags":[],"class_list":["post-254954","post","type-post","status-publish","format-standard","hentry","category-internacional"],"_links":{"self":[{"href":"https:\/\/diariodominicano.com\/index.php?rest_route=\/wp\/v2\/posts\/254954","targetHints":{"allow":["GET"]}}],"collection":[{"href":"https:\/\/diariodominicano.com\/index.php?rest_route=\/wp\/v2\/posts"}],"about":[{"href":"https:\/\/diariodominicano.com\/index.php?rest_route=\/wp\/v2\/types\/post"}],"author":[{"embeddable":true,"href":"https:\/\/diariodominicano.com\/index.php?rest_route=\/wp\/v2\/users\/3"}],"replies":[{"embeddable":true,"href":"https:\/\/diariodominicano.com\/index.php?rest_route=%2Fwp%2Fv2%2Fcomments&post=254954"}],"version-history":[{"count":0,"href":"https:\/\/diariodominicano.com\/index.php?rest_route=\/wp\/v2\/posts\/254954\/revisions"}],"wp:attachment":[{"href":"https:\/\/diariodominicano.com\/index.php?rest_route=%2Fwp%2Fv2%2Fmedia&parent=254954"}],"wp:term":[{"taxonomy":"category","embeddable":true,"href":"https:\/\/diariodominicano.com\/index.php?rest_route=%2Fwp%2Fv2%2Fcategories&post=254954"},{"taxonomy":"post_tag","embeddable":true,"href":"https:\/\/diariodominicano.com\/index.php?rest_route=%2Fwp%2Fv2%2Ftags&post=254954"}],"curies":[{"name":"wp","href":"https:\/\/api.w.org\/{rel}","templated":true}]}}