{"id":254953,"date":"2015-03-19T14:17:12","date_gmt":"2015-03-19T14:17:12","guid":{"rendered":"http:\/\/diariodominicano.ddns.net\/?p=254953"},"modified":"2015-03-19T14:17:12","modified_gmt":"2015-03-19T14:17:12","slug":"ucrania-pide-mantener-sanciones-a-rusia-pese-a-violar-acuerdo-de-paz","status":"publish","type":"post","link":"https:\/\/diariodominicano.com\/?p=254953","title":{"rendered":"&#13;&#13;Ucrania pide mantener sanciones a Rusia pese a violar acuerdo de paz\t\t\t&#13;"},"content":{"rendered":"<p><body><\/p>\n<p><img decoding=\"async\" src=\"img3\/primer-ministro-arseni-yatsenyuk.jpg\" \/>  <\/p>\n<\/p>\n<p><span class=\"text1noticias\">Bruselas, 19 mar (PL) Pese a ser acusada de violar acuerdos de paz pactados, Ucrania solicit\u00f3 hoy a la Uni\u00f3n Europea (UE) mantener las sanciones contra Rusia, aplicadas por su posici\u00f3n en el conflicto en ese pa\u00eds.<\/span><\/p>\n<\/p>\n<p><span class=\"text1noticias\">El primer ministro ucraniano, Arseni Yatseniuk, insisti\u00f3 en demandar a la UE la continuaci\u00f3n de las restricciones contra la naci\u00f3n euroasi\u00e1tica que en su momento rechaz\u00f3 el golpe de Estado de febrero del pasado a\u00f1o en Kiev, apoyado por paramilitares neofascistas.<\/span><\/p>\n<\/p>\n<p><span class=\"text1noticias\">Yatseniuk, quien acept\u00f3 aplicar medidas de austeridad exigidas por el Fondo Monetario Internacional, pese a la casi bancarrota de su pa\u00eds, estim\u00f3 que era necesario mantener la unidad dentro del bloque comunitario frente a la posici\u00f3n de Rusia.<\/span><\/p>\n<\/p>\n<p><span class=\"text1noticias\">Algunas naciones europeas se muestran m\u00e1s conservadoras respecto a la posibilidad de ampliar las sanciones contra Mosc\u00fa, mientras Polonia, Estonia, Letonia, Lituania y el Reino Unido presionan para aumentar el cerco econ\u00f3mico al estado eurosi\u00e1tico.<\/span><\/p>\n<\/p>\n<p><span class=\"text1noticias\">La intervenci\u00f3n de Yatseniuk se produce despu\u00e9s de su reuni\u00f3n en esta capital con el presidente de la Comisi\u00f3n Europea, el polaco Donald Tusk, en el marco de una cumbre de la UE, en la cuaL se espera la extensi\u00f3n hasta finales de este a\u00f1o de las citadas restricciones.<\/span><\/p>\n<\/p>\n<p><span class=\"text1noticias\">Rusia apoy\u00f3, adem\u00e1s, la soberan\u00eda de Crimea y su regreso al seno de la Federaci\u00f3n, as\u00ed como la causa de la poblaci\u00f3n sublevada en el sureste ucraniano, donde murieron unas seis mil personas, tras las operaciones de castigo iniciadas en abril de 2014.<\/span><\/p>\n<\/p>\n<p><span class=\"text1noticias\">Dirigentes de las rebeldes rep\u00fablicas de Donetsk y Lugansk denunciaron ante los garantes de los acuerdos de Minsk del 14 de febrero \u00faltimo (Rusia, Alemania y Francia) la violaci\u00f3n de lo pactado all\u00ed por el gobierno de Yatseniuk.<\/span><\/p>\n<\/p>\n<p><span class=\"text1noticias\">El arreglo firmado en la capital belarusa, estipula, entre otros aspectos, un estatus especial para las referidas regiones, situadas en la zona hullera ucraniana del Donbass, pero Kiev aprob\u00f3 una ley que condiciona esa medida a la celebraci\u00f3n previa de comicios.<\/span><\/p>\n<\/p>\n<h6> 2015-03-19 14:17:12 <\/h6>\n<p><!--\n<link rel=\"stylesheet\" href=\"css\/bootstrap.min.css\">\n\n\n<ul class=\"pagination\">\n\t    \n\t\n\n<li >\n\t<a href='?page_no=24597'>Previous<\/a>\n\t<\/li>\n\n\n       \n    \n\n<li><a href='?page_no=1'>1<\/a><\/li>\n\n\n\n<li><a href='?page_no=2'>2<\/a><\/li>\n\n\n\n<li><a>...<\/a><\/li>\n\n\n\n<li><a href='?page_no=24596'>24596<\/a><\/li>\n\n\n\n<li><a href='?page_no=24597'>24597<\/a><\/li>\n\n\n\n<li class='active'><a>24598<\/a><\/li>\n\n\n\n<li><a href='?page_no=24599'>24599<\/a><\/li>\n\n\n\n<li><a href='?page_no=24600'>24600<\/a><\/li>\n\n\n\n<li><a>...<\/a><\/li>\n\n\n\n<li><a href='?page_no=51012'>51012<\/a><\/li>\n\n\n\n<li><a href='?page_no=51013'>51013<\/a><\/li>\n\n    \n\t\n\n<li >\n\t<a href='?page_no=24599'>Next<\/a>\n\t<\/li>\n\n\n    \n\n<li><a href='?page_no=51013'>Last &rsaquo;&rsaquo;<\/a><\/li>\n\n<\/ul>\n\n\n--><br \/>\n<\/body><\/p>\n","protected":false},"excerpt":{"rendered":"<p>Bruselas, 19 mar (PL) Pese a ser acusada de violar acuerdos de paz pactados, Ucrania solicit\u00f3 hoy a la Uni\u00f3n Europea (UE) mantener las sanciones contra Rusia, aplicadas por su posici\u00f3n en el conflicto en ese pa\u00eds. El primer ministro ucraniano, Arseni Yatseniuk, insisti\u00f3 en demandar a la UE la continuaci\u00f3n de las restricciones contra [&hellip;]<\/p>\n","protected":false},"author":3,"featured_media":0,"comment_status":"open","ping_status":"open","sticky":false,"template":"","format":"standard","meta":{"footnotes":""},"categories":[23],"tags":[],"class_list":["post-254953","post","type-post","status-publish","format-standard","hentry","category-internacional"],"_links":{"self":[{"href":"https:\/\/diariodominicano.com\/index.php?rest_route=\/wp\/v2\/posts\/254953","targetHints":{"allow":["GET"]}}],"collection":[{"href":"https:\/\/diariodominicano.com\/index.php?rest_route=\/wp\/v2\/posts"}],"about":[{"href":"https:\/\/diariodominicano.com\/index.php?rest_route=\/wp\/v2\/types\/post"}],"author":[{"embeddable":true,"href":"https:\/\/diariodominicano.com\/index.php?rest_route=\/wp\/v2\/users\/3"}],"replies":[{"embeddable":true,"href":"https:\/\/diariodominicano.com\/index.php?rest_route=%2Fwp%2Fv2%2Fcomments&post=254953"}],"version-history":[{"count":0,"href":"https:\/\/diariodominicano.com\/index.php?rest_route=\/wp\/v2\/posts\/254953\/revisions"}],"wp:attachment":[{"href":"https:\/\/diariodominicano.com\/index.php?rest_route=%2Fwp%2Fv2%2Fmedia&parent=254953"}],"wp:term":[{"taxonomy":"category","embeddable":true,"href":"https:\/\/diariodominicano.com\/index.php?rest_route=%2Fwp%2Fv2%2Fcategories&post=254953"},{"taxonomy":"post_tag","embeddable":true,"href":"https:\/\/diariodominicano.com\/index.php?rest_route=%2Fwp%2Fv2%2Ftags&post=254953"}],"curies":[{"name":"wp","href":"https:\/\/api.w.org\/{rel}","templated":true}]}}