{"id":254952,"date":"2015-03-19T14:22:51","date_gmt":"2015-03-19T14:22:51","guid":{"rendered":"http:\/\/diariodominicano.ddns.net\/?p=254952"},"modified":"2015-03-19T14:22:51","modified_gmt":"2015-03-19T14:22:51","slug":"papa-francisco-condena-atentado-terrorista-en-tunez","status":"publish","type":"post","link":"https:\/\/diariodominicano.com\/?p=254952","title":{"rendered":"&#13;Papa Francisco condena atentado terrorista en T\u00fanez"},"content":{"rendered":"<p><body><\/p>\n<p><img decoding=\"async\" src=\"img3\/papa-preocupado.jpg\" \/>  <\/p>\n<p><span class=\"text1noticias\">\t\t\t<\/span><\/p>\n<p><span class=\"text1noticias\">  <\/span><\/p>\n<\/p>\n<p><span class=\"text1noticias\">Roma, 19 mar (PL) El papa Francisco conden\u00f3 hoy todos los actos contra la paz y la vida humana y manifest\u00f3 su cercan\u00eda con los familiares de las v\u00edctimas fatales en el atentado ocurrido la v\u00edspera en T\u00fanez.<\/span><\/p>\n<\/p>\n<p><span class=\"text1noticias\">Las palabras de apoyo llegaron a trav\u00e9s de un telegrama de p\u00e9same dirigido al arzobispo de ese pa\u00eds, Ilario Antoniazzi, seg\u00fan precis\u00f3 la web oficial de Radio Vaticano.<\/span><\/p>\n<\/p>\n<p><span class=\"text1noticias\">Previo al mensaje, el secretario de Estado de la Santa Sede, Pietro Parolin, ya se pronunci\u00f3 sobre los hechos criminales, a los que calific\u00f3 de crueles, inhumanos, y condenables en los t\u00e9rminos m\u00e1s absolutos.<\/span><\/p>\n<\/p>\n<p><span class=\"text1noticias\">Comentarios difundidos en medios de comunicaci\u00f3n destacan la conmoci\u00f3n de la comunidad internacional ante el ataque al Museo del Bardo de T\u00fanez, durante el cual perdieron la vida turistas, de siete nacionalidades distintas, y varios tunecinos, entre ellos algunos civiles y agentes policiales.<\/span><\/p>\n<\/p>\n<p><span class=\"text1noticias\">Hasta el momento se contabiliza un total de 23 muertos, mientras cerca de 47 personas resultaron heridas, de acuerdo con un balance de v\u00edctimas publicado por el ministro tunecino de Salud, Said Saidi.<\/span><\/p>\n<\/p>\n<p><span class=\"text1noticias\">Tambi\u00e9n perdieron la vida dos de los terroristas miembros del comando que ejecut\u00f3 el ataque contra la mencionada instalaci\u00f3n.<\/span><\/p>\n<\/p>\n<h6> 2015-03-19 14:22:51 <\/h6>\n<p><!--\n<link rel=\"stylesheet\" href=\"css\/bootstrap.min.css\">\n\n\n<ul class=\"pagination\">\n\t    \n\t\n\n<li >\n\t<a href='?page_no=24596'>Previous<\/a>\n\t<\/li>\n\n\n       \n    \n\n<li><a href='?page_no=1'>1<\/a><\/li>\n\n\n\n<li><a href='?page_no=2'>2<\/a><\/li>\n\n\n\n<li><a>...<\/a><\/li>\n\n\n\n<li><a href='?page_no=24595'>24595<\/a><\/li>\n\n\n\n<li><a href='?page_no=24596'>24596<\/a><\/li>\n\n\n\n<li class='active'><a>24597<\/a><\/li>\n\n\n\n<li><a href='?page_no=24598'>24598<\/a><\/li>\n\n\n\n<li><a href='?page_no=24599'>24599<\/a><\/li>\n\n\n\n<li><a>...<\/a><\/li>\n\n\n\n<li><a href='?page_no=51012'>51012<\/a><\/li>\n\n\n\n<li><a href='?page_no=51013'>51013<\/a><\/li>\n\n    \n\t\n\n<li >\n\t<a href='?page_no=24598'>Next<\/a>\n\t<\/li>\n\n\n    \n\n<li><a href='?page_no=51013'>Last &rsaquo;&rsaquo;<\/a><\/li>\n\n<\/ul>\n\n\n--><br \/>\n<\/body><\/p>\n","protected":false},"excerpt":{"rendered":"<p>Roma, 19 mar (PL) El papa Francisco conden\u00f3 hoy todos los actos contra la paz y la vida humana y manifest\u00f3 su cercan\u00eda con los familiares de las v\u00edctimas fatales en el atentado ocurrido la v\u00edspera en T\u00fanez. Las palabras de apoyo llegaron a trav\u00e9s de un telegrama de p\u00e9same dirigido al arzobispo de ese [&hellip;]<\/p>\n","protected":false},"author":3,"featured_media":0,"comment_status":"open","ping_status":"open","sticky":false,"template":"","format":"standard","meta":{"footnotes":""},"categories":[23],"tags":[],"class_list":["post-254952","post","type-post","status-publish","format-standard","hentry","category-internacional"],"_links":{"self":[{"href":"https:\/\/diariodominicano.com\/index.php?rest_route=\/wp\/v2\/posts\/254952","targetHints":{"allow":["GET"]}}],"collection":[{"href":"https:\/\/diariodominicano.com\/index.php?rest_route=\/wp\/v2\/posts"}],"about":[{"href":"https:\/\/diariodominicano.com\/index.php?rest_route=\/wp\/v2\/types\/post"}],"author":[{"embeddable":true,"href":"https:\/\/diariodominicano.com\/index.php?rest_route=\/wp\/v2\/users\/3"}],"replies":[{"embeddable":true,"href":"https:\/\/diariodominicano.com\/index.php?rest_route=%2Fwp%2Fv2%2Fcomments&post=254952"}],"version-history":[{"count":0,"href":"https:\/\/diariodominicano.com\/index.php?rest_route=\/wp\/v2\/posts\/254952\/revisions"}],"wp:attachment":[{"href":"https:\/\/diariodominicano.com\/index.php?rest_route=%2Fwp%2Fv2%2Fmedia&parent=254952"}],"wp:term":[{"taxonomy":"category","embeddable":true,"href":"https:\/\/diariodominicano.com\/index.php?rest_route=%2Fwp%2Fv2%2Fcategories&post=254952"},{"taxonomy":"post_tag","embeddable":true,"href":"https:\/\/diariodominicano.com\/index.php?rest_route=%2Fwp%2Fv2%2Ftags&post=254952"}],"curies":[{"name":"wp","href":"https:\/\/api.w.org\/{rel}","templated":true}]}}