{"id":254922,"date":"2015-03-23T14:09:02","date_gmt":"2015-03-23T14:09:02","guid":{"rendered":"http:\/\/diariodominicano.ddns.net\/?p=254922"},"modified":"2015-03-23T14:09:02","modified_gmt":"2015-03-23T14:09:02","slug":"anuncia-senador-cruz-candidatura-presidencial-en-ee-uu","status":"publish","type":"post","link":"https:\/\/diariodominicano.com\/?p=254922","title":{"rendered":"&#13;&#13;&#13;Anuncia senador Cruz candidatura presidencial en EE.UU.\t\t\t&#13;"},"content":{"rendered":"<p><body><\/p>\n<p><img decoding=\"async\" src=\"img3\/eeuu-ted-cruz.jpg\" \/>  <\/p>\n<\/p>\n<p><span class=\"text1noticias\">  <\/span><\/p>\n<\/p>\n<p><span class=\"text1noticias\">Washington, 23 mar (PL) El senador Ted Cruz aspirar\u00e1 a la candidatura presidencial en Estados Unidos por el Partido Republicano para los comicios del 8 de noviembre de 2016, anunci\u00f3 hoy.<\/span><\/p>\n<\/p>\n<p><span class=\"text1noticias\">En un mensaje publicado en Twitter Cruz escribi\u00f3 en la madrugada de este lunes: \u00abMe postulo para presidente y espero ganar su apoyo\u00bb, con un enlace a un video de 30 segundos.<\/span><\/p>\n<\/p>\n<p><span class=\"text1noticias\">Con su presentaci\u00f3n el pol\u00edtico busca colocarse a la vanguardia de un grupo cada vez m\u00e1s competitivo de los conservadores que luchar\u00e1n por la nominaci\u00f3n republicana, indic\u00f3 un art\u00edculo del diario The New York Times.<\/span><\/p>\n<\/p>\n<p><span class=\"text1noticias\">Seg\u00fan Dave Carney, estratega republicano, hay una ventaja en ser el primero. \u00c9l es ahora el \u00fanico candidato a la presidencia.<\/span><\/p>\n<\/p>\n<p><span class=\"text1noticias\">El pol\u00edtico que representa a Texas en el Senado dar\u00e1 un discurso de comienzo de campa\u00f1a este lunes en Liberty University en Lynchburg, Virginia, una instituci\u00f3n bautista fundada por el reverendo Jerry Falwell, que ha servido como tel\u00f3n de fondo conservador para muchos pol\u00edticos republicanos en los \u00faltimos a\u00f1os.<\/span><\/p>\n<\/p>\n<p><span class=\"text1noticias\">Cruz, de 44 a\u00f1os, fue elegido en 2012 al Senado, salt\u00f3 a la fama por tratar de bloquear la financiaci\u00f3n de la ley de salud del presidente Obama en 2013.<\/span><\/p>\n<\/p>\n<p><span class=\"text1noticias\">En los \u00faltimos meses, fue eclipsado por otros candidatos republicanos potenciales en competencia por los donantes, el personal, los voluntarios y la cobertura de noticias, en especial por Scott Walker, gobernador de Wisconsin, a quien los republicanos ven como una alternativa a la candidatura de Jeb Bush, de Florida.<\/span><\/p>\n<\/p>\n<p><span class=\"text1noticias\">Con su salida al ruedo, el texano se adelanta a cerca de una veintena de posibles aspirante por su partido, muchos se los cuales presentar\u00e1n su candidatura en abril, seg\u00fan medios de prensa.<\/span><\/p>\n<\/p>\n<p><span class=\"text1noticias\">Entre los posibles aspirantes se encuentran Bush, ex gobernador de Florida, <\/span><\/p>\n<\/p>\n<p><span class=\"text1noticias\">Walker, gobernador de Wisconsin, Rand Paul, senador por Kentucky, Marco Rubio, senador de Florida, Chris Christie, gobernador de Nueva Jersey, Ben Carson, un neurocirujano jubilado, Mike Huckabee, ex gobernador de Arkansas.<\/span><\/p>\n<\/p>\n<p><span class=\"text1noticias\">Otros contendientes ser\u00edan Rick Perry, ex gobernador de Texas, Lindsey Graham, senador de Carolina del Sur, John Kasich, gobernador de Ohio, Bobby Jindal, gobernador de Luisiana, Rick Santorum, ex senador de Pennsylvania, Carly Fiorina, presidenta de Hewlett Packard y John Bolton, ex embajador ante la ONU.<\/span><\/p>\n<\/p>\n<h6> 2015-03-23 14:09:02 <\/h6>\n<p><!--\n<link rel=\"stylesheet\" href=\"css\/bootstrap.min.css\">\n\n\n<ul class=\"pagination\">\n\t    \n\t\n\n<li >\n\t<a href='?page_no=24566'>Previous<\/a>\n\t<\/li>\n\n\n       \n    \n\n<li><a href='?page_no=1'>1<\/a><\/li>\n\n\n\n<li><a href='?page_no=2'>2<\/a><\/li>\n\n\n\n<li><a>...<\/a><\/li>\n\n\n\n<li><a href='?page_no=24565'>24565<\/a><\/li>\n\n\n\n<li><a href='?page_no=24566'>24566<\/a><\/li>\n\n\n\n<li class='active'><a>24567<\/a><\/li>\n\n\n\n<li><a href='?page_no=24568'>24568<\/a><\/li>\n\n\n\n<li><a href='?page_no=24569'>24569<\/a><\/li>\n\n\n\n<li><a>...<\/a><\/li>\n\n\n\n<li><a href='?page_no=51012'>51012<\/a><\/li>\n\n\n\n<li><a href='?page_no=51013'>51013<\/a><\/li>\n\n    \n\t\n\n<li >\n\t<a href='?page_no=24568'>Next<\/a>\n\t<\/li>\n\n\n    \n\n<li><a href='?page_no=51013'>Last &rsaquo;&rsaquo;<\/a><\/li>\n\n<\/ul>\n\n\n--><br \/>\n<\/body><\/p>\n","protected":false},"excerpt":{"rendered":"<p>Washington, 23 mar (PL) El senador Ted Cruz aspirar\u00e1 a la candidatura presidencial en Estados Unidos por el Partido Republicano para los comicios del 8 de noviembre de 2016, anunci\u00f3 hoy. En un mensaje publicado en Twitter Cruz escribi\u00f3 en la madrugada de este lunes: \u00abMe postulo para presidente y espero ganar su apoyo\u00bb, con [&hellip;]<\/p>\n","protected":false},"author":3,"featured_media":0,"comment_status":"open","ping_status":"open","sticky":false,"template":"","format":"standard","meta":{"footnotes":""},"categories":[23],"tags":[],"class_list":["post-254922","post","type-post","status-publish","format-standard","hentry","category-internacional"],"_links":{"self":[{"href":"https:\/\/diariodominicano.com\/index.php?rest_route=\/wp\/v2\/posts\/254922","targetHints":{"allow":["GET"]}}],"collection":[{"href":"https:\/\/diariodominicano.com\/index.php?rest_route=\/wp\/v2\/posts"}],"about":[{"href":"https:\/\/diariodominicano.com\/index.php?rest_route=\/wp\/v2\/types\/post"}],"author":[{"embeddable":true,"href":"https:\/\/diariodominicano.com\/index.php?rest_route=\/wp\/v2\/users\/3"}],"replies":[{"embeddable":true,"href":"https:\/\/diariodominicano.com\/index.php?rest_route=%2Fwp%2Fv2%2Fcomments&post=254922"}],"version-history":[{"count":0,"href":"https:\/\/diariodominicano.com\/index.php?rest_route=\/wp\/v2\/posts\/254922\/revisions"}],"wp:attachment":[{"href":"https:\/\/diariodominicano.com\/index.php?rest_route=%2Fwp%2Fv2%2Fmedia&parent=254922"}],"wp:term":[{"taxonomy":"category","embeddable":true,"href":"https:\/\/diariodominicano.com\/index.php?rest_route=%2Fwp%2Fv2%2Fcategories&post=254922"},{"taxonomy":"post_tag","embeddable":true,"href":"https:\/\/diariodominicano.com\/index.php?rest_route=%2Fwp%2Fv2%2Ftags&post=254922"}],"curies":[{"name":"wp","href":"https:\/\/api.w.org\/{rel}","templated":true}]}}