{"id":254913,"date":"2015-03-24T09:32:58","date_gmt":"2015-03-24T09:32:58","guid":{"rendered":"http:\/\/diariodominicano.ddns.net\/?p=254913"},"modified":"2015-03-24T09:32:58","modified_gmt":"2015-03-24T09:32:58","slug":"se-estrella-un-avion-en-los-alpes-con-148-personas-a-bordo-temen-han-muerto","status":"publish","type":"post","link":"https:\/\/diariodominicano.com\/?p=254913","title":{"rendered":"Se estrella un avi\u00f3n en los Alpes con 148 personas a bordo; temen han muerto"},"content":{"rendered":"<p><body><\/p>\n<p><img decoding=\"async\" src=\"img3\/avi 1.jpg\" \/><br \/><img decoding=\"async\" src=\"img3\/mapa 2.jpg\" \/><br \/><img decoding=\"async\" src=\"img3\/caen 1.jpg\" \/>  <\/p>\n<p>Par\u00eds, Francia 24 marzo .- Un avi\u00f3n Airbus A320 de la compa\u00f1\u00eda alemana Germanwings, se estrell\u00f3 hoy en la regi\u00f3n de los Alpes Haute Provence (sur de Francia) con 148 personas a bordo que, seg\u00fan el presidente franc\u00e9s, Fran\u00e7ois Hollande, se teme que hayan muerto. <\/p>\n<\/p>\n<p>El avi\u00f3n, efectuaba el trayecto entre Barcelona y D\u00fcsseldorf, lanz\u00f3 una llamada de socorro antes de estrellarse cerca del municipio de Prads-Haute-Bl\u00e9one, en el departamento de Alpes de Haute Provence, inform\u00f3 la Direcci\u00f3n General de la Aviaci\u00f3n Civil francesa en un comunicado.<\/p>\n<\/p>\n<p>\u00abEl vuelo lanz\u00f3 una llamada de socorro a las 10.47 hora local (09.47 GMT) en descenso a una altura de 5.000 pies (1.524 metros) en las proximidades de Barcelonette, en los Alpes de Haute Provence\u00bb, se\u00f1al\u00f3 el organismo en un comunicado.<\/p>\n<\/p>\n<p>En el aparato de Germanwings, filial de bajo coste de la aerol\u00ednea Lufthansa, viajaban 142 pasajeros y 6 miembros de la tripulaci\u00f3n.<\/p>\n<\/p>\n<p>La vicepresidenta del Gobierno espa\u00f1ol, Soraya S\u00e1enz de Santamar\u00eda, asegur\u00f3 hoy que entre los pasajeros del avi\u00f3n siniestrado en los Alpes \u00abhay 45 apellidos espa\u00f1oles\u00bb, aunque no precis\u00f3 si todos ellos tiene la nacionalidad.<\/p>\n<\/p>\n<p>Un portavoz del gestor aeroportuario espa\u00f1ol (AENA) confirm\u00f3 que varios ciudadanos espa\u00f1oles viajaban en el avi\u00f3n de Germanwings que se ha estrellado hoy en los Alpes, sin dar m\u00e1s detalles.<\/p>\n<\/p>\n<p>El ministro franc\u00e9s del Interior, Bernard Cazeneuve, se desplaza al lugar para coordinar las labores de rescate, inform\u00f3 el primer ministro franc\u00e9s, Manuel Valls, quien a\u00f1adi\u00f3 que se ha puesto en marcha una c\u00e9lula interministerial.<\/p>\n<\/p>\n<p>El alcalde del municipio franc\u00e9s de Barcelonette, cercano a la zona del siniestro, ha asegurado que la zona del accidente es de \u00abdif\u00edcil acceso\u00bb.<\/p>\n<\/p>\n<p>\u00abEl lugar se encuentra a 15 minutos de nuestro pueblo, creo que vive muy poca gente en los alrededores\u00bb, asegur\u00f3 el regidor Pierre Martin-Charpenel a la cadena \u00abBFM TV\u00bb.<\/p>\n<\/p>\n<p>En declaraciones a este mismo canal, un gu\u00eda de monta\u00f1a de la regi\u00f3n, Yvan Theaudin, consider\u00f3 que es \u00abextremadamente complicado\u00bb llegar a la zona del accidente, sobre todo en invierno, lo que, a su juicio, puede dificultar mucho las labores de rescate.<\/p>\n<\/p>\n<p>El ministerio alem\u00e1n Asuntos Exteriores ha abierto una l\u00ednea de informaci\u00f3n telef\u00f3nica a posibles afectados -0049 30 5000 3000- por el accidente del avi\u00f3n Airbus A320 de la compa\u00f1\u00eda Germanwings que realizaba el trayecto entre Barcelona y D\u00fcsseldorf y se estrell\u00f3 en los Alpes franceses.<\/p>\n<\/p>\n<p>El principal sindicato de los controladores a\u00e9reos franceses, SNCTA, que hab\u00eda convocado una huelga entre los pr\u00f3ximos 25 y 27 de marzo, decidi\u00f3 hoy suspender su protesta tras el accidente.<\/p>\n<h6> 2015-03-24 09:32:58 <\/h6>\n<p><!--\n<link rel=\"stylesheet\" href=\"css\/bootstrap.min.css\">\n\n\n<ul class=\"pagination\">\n\t    \n\t\n\n<li >\n\t<a href='?page_no=24557'>Previous<\/a>\n\t<\/li>\n\n\n       \n    \n\n<li><a href='?page_no=1'>1<\/a><\/li>\n\n\n\n<li><a href='?page_no=2'>2<\/a><\/li>\n\n\n\n<li><a>...<\/a><\/li>\n\n\n\n<li><a href='?page_no=24556'>24556<\/a><\/li>\n\n\n\n<li><a href='?page_no=24557'>24557<\/a><\/li>\n\n\n\n<li class='active'><a>24558<\/a><\/li>\n\n\n\n<li><a href='?page_no=24559'>24559<\/a><\/li>\n\n\n\n<li><a href='?page_no=24560'>24560<\/a><\/li>\n\n\n\n<li><a>...<\/a><\/li>\n\n\n\n<li><a href='?page_no=51012'>51012<\/a><\/li>\n\n\n\n<li><a href='?page_no=51013'>51013<\/a><\/li>\n\n    \n\t\n\n<li >\n\t<a href='?page_no=24559'>Next<\/a>\n\t<\/li>\n\n\n    \n\n<li><a href='?page_no=51013'>Last &rsaquo;&rsaquo;<\/a><\/li>\n\n<\/ul>\n\n\n--><br \/>\n<\/body><\/p>\n","protected":false},"excerpt":{"rendered":"<p>Par\u00eds, Francia 24 marzo .- Un avi\u00f3n Airbus A320 de la compa\u00f1\u00eda alemana Germanwings, se estrell\u00f3 hoy en la regi\u00f3n de los Alpes Haute Provence (sur de Francia) con 148 personas a bordo que, seg\u00fan el presidente franc\u00e9s, Fran\u00e7ois Hollande, se teme que hayan muerto. El avi\u00f3n, efectuaba el trayecto entre Barcelona y D\u00fcsseldorf, lanz\u00f3 [&hellip;]<\/p>\n","protected":false},"author":3,"featured_media":0,"comment_status":"open","ping_status":"open","sticky":false,"template":"","format":"standard","meta":{"footnotes":""},"categories":[23],"tags":[],"class_list":["post-254913","post","type-post","status-publish","format-standard","hentry","category-internacional"],"_links":{"self":[{"href":"https:\/\/diariodominicano.com\/index.php?rest_route=\/wp\/v2\/posts\/254913","targetHints":{"allow":["GET"]}}],"collection":[{"href":"https:\/\/diariodominicano.com\/index.php?rest_route=\/wp\/v2\/posts"}],"about":[{"href":"https:\/\/diariodominicano.com\/index.php?rest_route=\/wp\/v2\/types\/post"}],"author":[{"embeddable":true,"href":"https:\/\/diariodominicano.com\/index.php?rest_route=\/wp\/v2\/users\/3"}],"replies":[{"embeddable":true,"href":"https:\/\/diariodominicano.com\/index.php?rest_route=%2Fwp%2Fv2%2Fcomments&post=254913"}],"version-history":[{"count":0,"href":"https:\/\/diariodominicano.com\/index.php?rest_route=\/wp\/v2\/posts\/254913\/revisions"}],"wp:attachment":[{"href":"https:\/\/diariodominicano.com\/index.php?rest_route=%2Fwp%2Fv2%2Fmedia&parent=254913"}],"wp:term":[{"taxonomy":"category","embeddable":true,"href":"https:\/\/diariodominicano.com\/index.php?rest_route=%2Fwp%2Fv2%2Fcategories&post=254913"},{"taxonomy":"post_tag","embeddable":true,"href":"https:\/\/diariodominicano.com\/index.php?rest_route=%2Fwp%2Fv2%2Ftags&post=254913"}],"curies":[{"name":"wp","href":"https:\/\/api.w.org\/{rel}","templated":true}]}}