{"id":254911,"date":"2015-03-24T13:44:48","date_gmt":"2015-03-24T13:44:48","guid":{"rendered":"http:\/\/diariodominicano.ddns.net\/?p=254911"},"modified":"2015-03-24T13:44:48","modified_gmt":"2015-03-24T13:44:48","slug":"salvadorenos-recuerdan-asesinato-de-monsenor-romero","status":"publish","type":"post","link":"https:\/\/diariodominicano.com\/?p=254911","title":{"rendered":"&#13;Salvadore\u00f1os recuerdan asesinato de Monse\u00f1or Romero"},"content":{"rendered":"<p><body><\/p>\n<p><img decoding=\"async\" src=\"img3\/monsenor-romero.jpg\" \/>  <\/p>\n<\/p>\n<\/p>\n<p>San Salvador, 24 mar (PL) Los salvadore\u00f1os recordar\u00e1n hoy el 35 aniversario del asesinato de Monse\u00f1or Oscar Arnulfo Romero por un francotirador quien actu\u00f3 bajo las \u00f3rdenes del mayor Roberto d&#8217;Aubisson, creador de los escuadrones de la muerte. <\/p>\n<\/p>\n<p>Como parte de la conmemoraci\u00f3n, esta ma\u00f1ana se oficiar\u00e1 una misa en la capilla del Hospital La Divina Providencia en esta capital donde el arzobispo fue ultimado en medio de una homil\u00eda despu\u00e9s de haberle exigido a Estados Unidos retirar su apoyo militar al r\u00e9gimen salvadore\u00f1o y demandar al ej\u00e9rcito el cese de la represi\u00f3n.<\/p>\n<\/p>\n<p>Luego de la eucarist\u00eda los participantes realizar\u00e1n una caminata desde la capilla en la colonia Miramonte hasta el monumento a Monse\u00f1or Romero cerca de la Plaza del Salvador del Mundo.<\/p>\n<\/p>\n<p>De la emblem\u00e1tica Plaza, donde ser\u00e1 beatificado el pr\u00f3ximo 23 de mayo, la marcha continuar\u00e1 hacia el Monumento a la Memoria y la Verdad, en el capitalino Parque Cuscatl\u00e1n y concluir\u00e1 en la cripta de la Catedral Metropolitana donde yacen sus restos.<\/p>\n<\/p>\n<p>Por estos d\u00edas, han sido varios los actos con los cuales se recuerda a Monse\u00f1or Romero cuyo ejercicio pastoral fue siempre al lado del pueblo, de los despose\u00eddos que clamaban por tortillas, frijoles y arroz.<\/p>\n<h6> 2015-03-24 13:44:48 <\/h6>\n<p><!--\n<link rel=\"stylesheet\" href=\"css\/bootstrap.min.css\">\n\n\n<ul class=\"pagination\">\n\t    \n\t\n\n<li >\n\t<a href='?page_no=24555'>Previous<\/a>\n\t<\/li>\n\n\n       \n    \n\n<li><a href='?page_no=1'>1<\/a><\/li>\n\n\n\n<li><a href='?page_no=2'>2<\/a><\/li>\n\n\n\n<li><a>...<\/a><\/li>\n\n\n\n<li><a href='?page_no=24554'>24554<\/a><\/li>\n\n\n\n<li><a href='?page_no=24555'>24555<\/a><\/li>\n\n\n\n<li class='active'><a>24556<\/a><\/li>\n\n\n\n<li><a href='?page_no=24557'>24557<\/a><\/li>\n\n\n\n<li><a href='?page_no=24558'>24558<\/a><\/li>\n\n\n\n<li><a>...<\/a><\/li>\n\n\n\n<li><a href='?page_no=51012'>51012<\/a><\/li>\n\n\n\n<li><a href='?page_no=51013'>51013<\/a><\/li>\n\n    \n\t\n\n<li >\n\t<a href='?page_no=24557'>Next<\/a>\n\t<\/li>\n\n\n    \n\n<li><a href='?page_no=51013'>Last &rsaquo;&rsaquo;<\/a><\/li>\n\n<\/ul>\n\n\n--><br \/>\n<\/body><\/p>\n","protected":false},"excerpt":{"rendered":"<p>San Salvador, 24 mar (PL) Los salvadore\u00f1os recordar\u00e1n hoy el 35 aniversario del asesinato de Monse\u00f1or Oscar Arnulfo Romero por un francotirador quien actu\u00f3 bajo las \u00f3rdenes del mayor Roberto d&#8217;Aubisson, creador de los escuadrones de la muerte. Como parte de la conmemoraci\u00f3n, esta ma\u00f1ana se oficiar\u00e1 una misa en la capilla del Hospital La [&hellip;]<\/p>\n","protected":false},"author":3,"featured_media":0,"comment_status":"open","ping_status":"open","sticky":false,"template":"","format":"standard","meta":{"footnotes":""},"categories":[23],"tags":[],"class_list":["post-254911","post","type-post","status-publish","format-standard","hentry","category-internacional"],"_links":{"self":[{"href":"https:\/\/diariodominicano.com\/index.php?rest_route=\/wp\/v2\/posts\/254911","targetHints":{"allow":["GET"]}}],"collection":[{"href":"https:\/\/diariodominicano.com\/index.php?rest_route=\/wp\/v2\/posts"}],"about":[{"href":"https:\/\/diariodominicano.com\/index.php?rest_route=\/wp\/v2\/types\/post"}],"author":[{"embeddable":true,"href":"https:\/\/diariodominicano.com\/index.php?rest_route=\/wp\/v2\/users\/3"}],"replies":[{"embeddable":true,"href":"https:\/\/diariodominicano.com\/index.php?rest_route=%2Fwp%2Fv2%2Fcomments&post=254911"}],"version-history":[{"count":0,"href":"https:\/\/diariodominicano.com\/index.php?rest_route=\/wp\/v2\/posts\/254911\/revisions"}],"wp:attachment":[{"href":"https:\/\/diariodominicano.com\/index.php?rest_route=%2Fwp%2Fv2%2Fmedia&parent=254911"}],"wp:term":[{"taxonomy":"category","embeddable":true,"href":"https:\/\/diariodominicano.com\/index.php?rest_route=%2Fwp%2Fv2%2Fcategories&post=254911"},{"taxonomy":"post_tag","embeddable":true,"href":"https:\/\/diariodominicano.com\/index.php?rest_route=%2Fwp%2Fv2%2Ftags&post=254911"}],"curies":[{"name":"wp","href":"https:\/\/api.w.org\/{rel}","templated":true}]}}