{"id":254908,"date":"2015-03-24T14:03:47","date_gmt":"2015-03-24T14:03:47","guid":{"rendered":"http:\/\/diariodominicano.ddns.net\/?p=254908"},"modified":"2015-03-24T14:03:47","modified_gmt":"2015-03-24T14:03:47","slug":"reyes-de-espana-cancelan-visita-a-francia-tras-accidente-aereo","status":"publish","type":"post","link":"https:\/\/diariodominicano.com\/?p=254908","title":{"rendered":"&#13;Reyes de Espa\u00f1a cancelan visita a Francia tras accidente a\u00e9reo\t\t\t&#13;"},"content":{"rendered":"<p><body><\/p>\n<p><img decoding=\"async\" src=\"img3\/esp-accidente-aereo.jpg\" \/>  <\/p>\n<p><span class=\"text1noticias\">  <\/span><\/p>\n<\/p>\n<p><span class=\"text1noticias\">Par\u00eds, 24 mar (PL) Los reyes de Espa\u00f1a Felipe VI y Letizia cancelaron la visita que deb\u00edan iniciar hoy a Francia, debido a la muerte de 150 personas en un accidente de avi\u00f3n al sur de este pa\u00eds.<\/span><\/p>\n<\/p>\n<p><span class=\"text1noticias\">Un avi\u00f3n de la compa\u00f1\u00eda alemana Germanwings con 150 personas a bordo (6 de la tripulaci\u00f3n), se estrell\u00f3 este martes en la regi\u00f3n de Barcelonnette, en los Alpes galos.<\/span><\/p>\n<\/p>\n<p><span class=\"text1noticias\">Desde el Palacio del El\u00edseo, junto al presidente, Francois Hollande, el monarca comunic\u00f3 que despu\u00e9s de haber sostenido conversaciones con el presidente del Gobierno espa\u00f1ol, Mariano Rajoy, decidieron cancelar el viaje a la espera de poder encontrar fechas futuras en las que continuar la visita de Estado.<\/span><\/p>\n<\/p>\n<p><span class=\"text1noticias\">El aparato, un Airbus A320, realizaba el trayecto entre Barcelona, en la naci\u00f3n ib\u00e9rica, y D\u00fcsseldorf (Alemania). Las condiciones del accidente a\u00fan no se han dilucidado, pero reportes recientes indican que no hay sobrevivientes.<\/span><\/p>\n<\/p>\n<p><span class=\"text1noticias\">El avi\u00f3n habr\u00eda desaparecido de las pantallas de los radares a las 11:20, hora local. Cientos de bolberos se desplegaron en la zona del suceso, un \u00e1rea monta\u00f1osa y de dif\u00edcil acceso.<\/span><\/p>\n<\/p>\n<p><span class=\"text1noticias\">Las informaciones indican que la comunicaci\u00f3n con el vuelo se interrumpi\u00f3 a las 9:41 horas de este martes, despu\u00e9s de haber despegado de Barcelona a las 9:35 horas.<\/span><\/p>\n<\/p>\n<p><span class=\"text1noticias\">El avi\u00f3n baj\u00f3 a tierra con una velocidad de tres mil y cuatro mil pies por minuto, lo que suele corresponder al est\u00e1ndar de aproximaci\u00f3n de estos aparatos para aterrizar.<\/span><\/p>\n<\/p>\n<p><span class=\"text1noticias\">Los restos fueron localizados a dos mil 700 metros de altura en el macizo de Trois Evech\u00e9s y se encuentran esparcidos en un radio de dos kil\u00f3metros, report\u00f3 la televisora local BFMTV.<\/span><\/p>\n<\/p>\n<p><span class=\"text1noticias\">Entre las v\u00edctimas hab\u00eda personas de nacionalidad alemana, espa\u00f1ola y turca. Entretanto, la Fiscal\u00eda de Marsella abri\u00f3 una investigaci\u00f3n por homicidio involuntario. Los \u00faltimos reportes se\u00f1alan que la canciller alemana, \u00c1ngela Merkel, viajar\u00e1 ma\u00f1ana al lugar de la tragedia.<\/span><\/p>\n<h6> 2015-03-24 14:03:47 <\/h6>\n<p><!--\n<link rel=\"stylesheet\" href=\"css\/bootstrap.min.css\">\n\n\n<ul class=\"pagination\">\n\t    \n\t\n\n<li >\n\t<a href='?page_no=24552'>Previous<\/a>\n\t<\/li>\n\n\n       \n    \n\n<li><a href='?page_no=1'>1<\/a><\/li>\n\n\n\n<li><a href='?page_no=2'>2<\/a><\/li>\n\n\n\n<li><a>...<\/a><\/li>\n\n\n\n<li><a href='?page_no=24551'>24551<\/a><\/li>\n\n\n\n<li><a href='?page_no=24552'>24552<\/a><\/li>\n\n\n\n<li class='active'><a>24553<\/a><\/li>\n\n\n\n<li><a href='?page_no=24554'>24554<\/a><\/li>\n\n\n\n<li><a href='?page_no=24555'>24555<\/a><\/li>\n\n\n\n<li><a>...<\/a><\/li>\n\n\n\n<li><a href='?page_no=51012'>51012<\/a><\/li>\n\n\n\n<li><a href='?page_no=51013'>51013<\/a><\/li>\n\n    \n\t\n\n<li >\n\t<a href='?page_no=24554'>Next<\/a>\n\t<\/li>\n\n\n    \n\n<li><a href='?page_no=51013'>Last &rsaquo;&rsaquo;<\/a><\/li>\n\n<\/ul>\n\n\n--><br \/>\n<\/body><\/p>\n","protected":false},"excerpt":{"rendered":"<p>Par\u00eds, 24 mar (PL) Los reyes de Espa\u00f1a Felipe VI y Letizia cancelaron la visita que deb\u00edan iniciar hoy a Francia, debido a la muerte de 150 personas en un accidente de avi\u00f3n al sur de este pa\u00eds. Un avi\u00f3n de la compa\u00f1\u00eda alemana Germanwings con 150 personas a bordo (6 de la tripulaci\u00f3n), se [&hellip;]<\/p>\n","protected":false},"author":3,"featured_media":0,"comment_status":"open","ping_status":"open","sticky":false,"template":"","format":"standard","meta":{"footnotes":""},"categories":[23],"tags":[],"class_list":["post-254908","post","type-post","status-publish","format-standard","hentry","category-internacional"],"_links":{"self":[{"href":"https:\/\/diariodominicano.com\/index.php?rest_route=\/wp\/v2\/posts\/254908","targetHints":{"allow":["GET"]}}],"collection":[{"href":"https:\/\/diariodominicano.com\/index.php?rest_route=\/wp\/v2\/posts"}],"about":[{"href":"https:\/\/diariodominicano.com\/index.php?rest_route=\/wp\/v2\/types\/post"}],"author":[{"embeddable":true,"href":"https:\/\/diariodominicano.com\/index.php?rest_route=\/wp\/v2\/users\/3"}],"replies":[{"embeddable":true,"href":"https:\/\/diariodominicano.com\/index.php?rest_route=%2Fwp%2Fv2%2Fcomments&post=254908"}],"version-history":[{"count":0,"href":"https:\/\/diariodominicano.com\/index.php?rest_route=\/wp\/v2\/posts\/254908\/revisions"}],"wp:attachment":[{"href":"https:\/\/diariodominicano.com\/index.php?rest_route=%2Fwp%2Fv2%2Fmedia&parent=254908"}],"wp:term":[{"taxonomy":"category","embeddable":true,"href":"https:\/\/diariodominicano.com\/index.php?rest_route=%2Fwp%2Fv2%2Fcategories&post=254908"},{"taxonomy":"post_tag","embeddable":true,"href":"https:\/\/diariodominicano.com\/index.php?rest_route=%2Fwp%2Fv2%2Ftags&post=254908"}],"curies":[{"name":"wp","href":"https:\/\/api.w.org\/{rel}","templated":true}]}}