{"id":254900,"date":"2015-03-25T13:58:49","date_gmt":"2015-03-25T13:58:49","guid":{"rendered":"http:\/\/diariodominicano.ddns.net\/?p=254900"},"modified":"2015-03-25T13:58:49","modified_gmt":"2015-03-25T13:58:49","slug":"incertidumbre-sobre-paradero-de-presidente-yemenita-hutis-avanzan","status":"publish","type":"post","link":"https:\/\/diariodominicano.com\/?p=254900","title":{"rendered":"&#13;&#13;Incertidumbre sobre paradero de presidente yemenita; hutis avanzan"},"content":{"rendered":"<p><body><\/p>\n<p><img decoding=\"async\" src=\"img3\/yemenpres_abdrabumansurhadi.jpg\" \/>  <\/p>\n<p><span class=\"text1noticias\">\t\t<\/span><\/p>\n<p><span class=\"text1noticias\">  <\/span><\/p>\n<\/p>\n<p><span class=\"text1noticias\">Sanaa, 25 mar (PL) El canciller yemenita, Riyadh Yassin, desminti\u00f3 que el presidente Abd Rabu Mansur Hadi haya salido del pa\u00eds forzado por el avance de fuerzas de Ansar Allah, movimiento armado huti, hacia la ciudad sure\u00f1a de Aden.<\/span><\/p>\n<\/p>\n<p><span class=\"text1noticias\">Una versi\u00f3n oficiosa anterior asegur\u00f3 que el mandatario sali\u00f3 de esa localidad, proclamada semanas atr\u00e1s capital provisoria yemenita, al igual que el personal de la embajada de Arabia Saudita.<\/span><\/p>\n<\/p>\n<p><span class=\"text1noticias\">Asimismo circulan versiones del sobrevuelo de cazas de la Fuerza A\u00e9rea yemenita sobre la residencia de Abd Rabu en Aden, donde reina una tensa calma en espera de los acontecimientos.<\/span><\/p>\n<\/p>\n<p><span class=\"text1noticias\">Altos personeros leales a Mansur Hadi, entre ellos el ministro de Defensa, general Mahmoud el Sudahi, han sido apresados.<\/span><\/p>\n<\/p>\n<p><span class=\"text1noticias\">Lo \u00fanico cierto en la enrevesada crisis en este empobrecido pa\u00eds de la pen\u00ednsula Ar\u00e1biga, es que Ansar Allah, apoyado por tropas del Ej\u00e9rcito, contin\u00faa su avance con paso arrollador.<\/span><\/p>\n<\/p>\n<p><span class=\"text1noticias\">El canciller yemenita afirm\u00f3 que el mandatario sigue en Aden y reiter\u00f3 su pedido de intervenci\u00f3n militar de los pa\u00edses vecinos para enfrentar a los huti que desde septiembre pasado ocuparon zonas en esta capital en demanda de la formaci\u00f3n de un gabinete supervisado y de mejoras sociales.<\/span><\/p>\n<\/p>\n<p><span class=\"text1noticias\">Fuentes en esta capital se dijeron incapaces de confirmar la versi\u00f3n o el destino del mandatario; medios diplom\u00e1ticos hab\u00edan confiado a Prensa Latina horas atr\u00e1s que la ca\u00edda de Aden en manos de Ansar Allah podr\u00eda ocurrir tan temprano como el pr\u00f3ximo domingo, un estimado que result\u00f3 conservador.<\/span><\/p>\n<\/p>\n<p><span class=\"text1noticias\">A media ma\u00f1ana los miembros de Ansar Allah hab\u00edan ocupado una base militar en el sur en la cual estaban acantonados asesores castrenses norteamericanos y brit\u00e1nicos.<\/span><\/p>\n<\/p>\n<p><span class=\"text1noticias\">Horas atr\u00e1s Mansur Hadi, hab\u00eda remitido una carta al Consejo de Seguridad de la ONU en la cual solicit\u00f3 la autorizaci\u00f3n para una intervenci\u00f3n militar ante el avance de las fuerzas huti, <\/span><\/p>\n<\/p>\n<p><span class=\"text1noticias\">Otra petici\u00f3n fue dirigida por el mandatario a la Liga Arabe y a los pa\u00edses miembros del miembros del Consejo de Cooperaci\u00f3n del Golfo (CCG) para que proveyeran \u00abtodos los medios, incluida la intervenci\u00f3n castrense, para detener la continuada agresi\u00f3n huti\u00bb.<\/span><\/p>\n<\/p>\n<p><span class=\"text1noticias\">En una declaraci\u00f3n circulada aqu\u00ed d\u00edas atr\u00e1s, Abdel Malik Huti, l\u00edder de la tribu huti advirti\u00f3 que cualquier ofensiva de fuerzas extranjeras ser\u00e1 enfrentada con rigor y est\u00e1 destinada a la derrota.<\/span><\/p>\n<\/p>\n<p><span class=\"text1noticias\">Mansur Hadi estaba refugiado en Aden desde principios del mes pasado y cuenta con el apoyo de las potencias occidentales, y de los integrantes del CCG: Arabia Saudita, Bahrein, Emiratos Arabes Unidos, Kuwait, Om\u00e1n y Qatar.<\/span><\/p>\n<\/p>\n<p><span class=\"text1noticias\">A fines de la semana pasada semana el movimiento Ansar Allah, respaldado por tropas del Ej\u00e9rcito, tom\u00f3 la ciudad de Taez, que domina la carretera entre esta capital y Aden, y controla el estrat\u00e9gico estrecho de Bab El Mandeb, por el cual circulan los buques que atraviesan el canal de Suez hacia y desde el mar Rojo.<\/span><\/p>\n<\/p>\n<p><span class=\"text1noticias\">Para fines de esta semana est\u00e1 programada una Cumbre Arabe en la ciudad egipcia de Charm El Cheij, en cuya agenda aparece la iniciativa del pa\u00eds anfitri\u00f3n de crear un contingente militar cuya misi\u00f3n ser\u00eda servir de fuerza tap\u00f3n en conflictos.<\/span><\/p>\n<\/p>\n<h6> 2015-03-25 13:58:49 <\/h6>\n<p><!--\n<link rel=\"stylesheet\" href=\"css\/bootstrap.min.css\">\n\n\n<ul class=\"pagination\">\n\t    \n\t\n\n<li >\n\t<a href='?page_no=24544'>Previous<\/a>\n\t<\/li>\n\n\n       \n    \n\n<li><a href='?page_no=1'>1<\/a><\/li>\n\n\n\n<li><a href='?page_no=2'>2<\/a><\/li>\n\n\n\n<li><a>...<\/a><\/li>\n\n\n\n<li><a href='?page_no=24543'>24543<\/a><\/li>\n\n\n\n<li><a href='?page_no=24544'>24544<\/a><\/li>\n\n\n\n<li class='active'><a>24545<\/a><\/li>\n\n\n\n<li><a href='?page_no=24546'>24546<\/a><\/li>\n\n\n\n<li><a href='?page_no=24547'>24547<\/a><\/li>\n\n\n\n<li><a>...<\/a><\/li>\n\n\n\n<li><a href='?page_no=51012'>51012<\/a><\/li>\n\n\n\n<li><a href='?page_no=51013'>51013<\/a><\/li>\n\n    \n\t\n\n<li >\n\t<a href='?page_no=24546'>Next<\/a>\n\t<\/li>\n\n\n    \n\n<li><a href='?page_no=51013'>Last &rsaquo;&rsaquo;<\/a><\/li>\n\n<\/ul>\n\n\n--><br \/>\n<\/body><\/p>\n","protected":false},"excerpt":{"rendered":"<p>Sanaa, 25 mar (PL) El canciller yemenita, Riyadh Yassin, desminti\u00f3 que el presidente Abd Rabu Mansur Hadi haya salido del pa\u00eds forzado por el avance de fuerzas de Ansar Allah, movimiento armado huti, hacia la ciudad sure\u00f1a de Aden. Una versi\u00f3n oficiosa anterior asegur\u00f3 que el mandatario sali\u00f3 de esa localidad, proclamada semanas atr\u00e1s capital [&hellip;]<\/p>\n","protected":false},"author":3,"featured_media":0,"comment_status":"open","ping_status":"open","sticky":false,"template":"","format":"standard","meta":{"footnotes":""},"categories":[23],"tags":[],"class_list":["post-254900","post","type-post","status-publish","format-standard","hentry","category-internacional"],"_links":{"self":[{"href":"https:\/\/diariodominicano.com\/index.php?rest_route=\/wp\/v2\/posts\/254900","targetHints":{"allow":["GET"]}}],"collection":[{"href":"https:\/\/diariodominicano.com\/index.php?rest_route=\/wp\/v2\/posts"}],"about":[{"href":"https:\/\/diariodominicano.com\/index.php?rest_route=\/wp\/v2\/types\/post"}],"author":[{"embeddable":true,"href":"https:\/\/diariodominicano.com\/index.php?rest_route=\/wp\/v2\/users\/3"}],"replies":[{"embeddable":true,"href":"https:\/\/diariodominicano.com\/index.php?rest_route=%2Fwp%2Fv2%2Fcomments&post=254900"}],"version-history":[{"count":0,"href":"https:\/\/diariodominicano.com\/index.php?rest_route=\/wp\/v2\/posts\/254900\/revisions"}],"wp:attachment":[{"href":"https:\/\/diariodominicano.com\/index.php?rest_route=%2Fwp%2Fv2%2Fmedia&parent=254900"}],"wp:term":[{"taxonomy":"category","embeddable":true,"href":"https:\/\/diariodominicano.com\/index.php?rest_route=%2Fwp%2Fv2%2Fcategories&post=254900"},{"taxonomy":"post_tag","embeddable":true,"href":"https:\/\/diariodominicano.com\/index.php?rest_route=%2Fwp%2Fv2%2Ftags&post=254900"}],"curies":[{"name":"wp","href":"https:\/\/api.w.org\/{rel}","templated":true}]}}