{"id":254896,"date":"2015-03-25T14:21:47","date_gmt":"2015-03-25T14:21:47","guid":{"rendered":"http:\/\/diariodominicano.ddns.net\/?p=254896"},"modified":"2015-03-25T14:21:47","modified_gmt":"2015-03-25T14:21:47","slug":"canciller-irani-promete-maximo-esfuerzo-en-nueva-ronda-nuclear","status":"publish","type":"post","link":"https:\/\/diariodominicano.com\/?p=254896","title":{"rendered":"&#13;&#13;Canciller iran\u00ed promete m\u00e1ximo esfuerzo en nueva ronda nuclear"},"content":{"rendered":"<p><body><\/p>\n<p><img decoding=\"async\" src=\"img3\/iran_mohamed_javadzarif.jpg\" \/>  <\/p>\n<p><span class=\"text1noticias\">\t\t<\/span><\/p>\n<p><span class=\"text1noticias\">  <\/span><\/p>\n<\/p>\n<p><span class=\"text1noticias\">Teher\u00e1n, 25 mar (PL) El canciller Mohammad Javad Zarif anunci\u00f3 hoy que viajar\u00e1 a Suiza para retomar negociaciones con seis potencias mundiales sobre el programa nuclear de Ir\u00e1n, y prometi\u00f3 hacer el m\u00e1ximo esfuerzo para lograr un acuerdo. <\/span><\/p>\n<\/p>\n<p><span class=\"text1noticias\">Al comentar la ronda de pl\u00e1ticas que inicia este mi\u00e9rcoles en Lausana entre la rep\u00fablica isl\u00e1mica y el Grupo 5+1 (los miembros permanentes del Consejo de Seguridad de la ONU m\u00e1s Alemania), Zarif mantuvo su optimismo en que registre avances dentro de los plazos fijados antes del pr\u00f3ximo 31 de marzo.<\/span><\/p>\n<\/p>\n<p><span class=\"text1noticias\">El ministro de Relaciones Exteriores, quien asisti\u00f3 al servicio funeral en honor de la madre del presidente Hassan Rouhani, recalc\u00f3 que el levantamiento de las sanciones econ\u00f3micas occidentales a Ir\u00e1n es una demanda inamovible que se ha planteado desde el principio de las tratativas.<\/span><\/p>\n<\/p>\n<p><span class=\"text1noticias\">Por lo mismo, agreg\u00f3 a periodistas, la delegaci\u00f3n se regir\u00e1 por las directrices trazadas en ese sentido por el l\u00edder supremo de la Revoluci\u00f3n Isl\u00e1mica, ayatolah Ali Khamenei, quien igualmente asisti\u00f3 al tributo p\u00f3stumo.<\/span><\/p>\n<\/p>\n<p><span class=\"text1noticias\">Los negociadores iran\u00edes y yo haremos lo m\u00e1ximo en la nueva ronda de di\u00e1logo nuclear, insisti\u00f3 el diplom\u00e1tico, mientras el jefe de la Organizaci\u00f3n de energ\u00eda At\u00f3mica de Ir\u00e1n (OEAI), Ali Akbar Salehi, confirm\u00f3 que tambi\u00e9n estar\u00e1 presente en Suiza para mantener su ayuda en precisiones t\u00e9cnicas.<\/span><\/p>\n<\/p>\n<p><span class=\"text1noticias\">Seg\u00fan Salehi, Ir\u00e1n y el G5+1 han hecho buenos progresos, y el equipo negociador se esforzar\u00e1 por llegar a un resultado en el que todos ganen, lo que implicar\u00eda que Occidente elimine las medidas punitivas econ\u00f3micas y respete los derechos de Teher\u00e1n al uso pac\u00edfico de la energ\u00eda at\u00f3mica.<\/span><\/p>\n<\/p>\n<p><span class=\"text1noticias\">La fase de pl\u00e1ticas que se retomar\u00e1 esta noche en Lausana dar\u00e1 seguimiento a dos rondas casi seguidas efectuadas entre febrero y comienzos de este mes en aquella ciudad y en Montreux, en la que las partes reconocieron progresos y aseguraron que hubo consenso en m\u00e1s del 90 por ciento de los temas t\u00e9cnicos.<\/span><\/p>\n<\/p>\n<p><span class=\"text1noticias\">Sin embargo, tambi\u00e9n admitieron hondas divergencias, sobre todo en la capacidad de enriquecimiento de uranio que Occidente aceptar\u00e1 mantenga Ir\u00e1n, y en el calendario para levantar todas las sanciones, que el pa\u00eds persa desea sea de golpe, en lugar de un proceso escalonado, como sugiere su contraparte.<\/span><\/p>\n<\/p>\n<p><span class=\"text1noticias\">La agencia oficial IRNA cit\u00f3 declaraciones de diplom\u00e1ticos chinos que urgieron a todas las partes involucradas en las tratativas sobre el programa nuclear iran\u00ed a \u00abcorrer el \u00faltimo kil\u00f3metro del marat\u00f3n\u00bb y aprovechar la oportunidad en un momento en que el di\u00e1logo est\u00e1 en un \u00abpunto cr\u00edtico\u00bb.<\/span><\/p>\n<\/p>\n<h6> 2015-03-25 14:21:47 <\/h6>\n<p><!--\n<link rel=\"stylesheet\" href=\"css\/bootstrap.min.css\">\n\n\n<ul class=\"pagination\">\n\t    \n\t\n\n<li >\n\t<a href='?page_no=24540'>Previous<\/a>\n\t<\/li>\n\n\n       \n    \n\n<li><a href='?page_no=1'>1<\/a><\/li>\n\n\n\n<li><a href='?page_no=2'>2<\/a><\/li>\n\n\n\n<li><a>...<\/a><\/li>\n\n\n\n<li><a href='?page_no=24539'>24539<\/a><\/li>\n\n\n\n<li><a href='?page_no=24540'>24540<\/a><\/li>\n\n\n\n<li class='active'><a>24541<\/a><\/li>\n\n\n\n<li><a href='?page_no=24542'>24542<\/a><\/li>\n\n\n\n<li><a href='?page_no=24543'>24543<\/a><\/li>\n\n\n\n<li><a>...<\/a><\/li>\n\n\n\n<li><a href='?page_no=51012'>51012<\/a><\/li>\n\n\n\n<li><a href='?page_no=51013'>51013<\/a><\/li>\n\n    \n\t\n\n<li >\n\t<a href='?page_no=24542'>Next<\/a>\n\t<\/li>\n\n\n    \n\n<li><a href='?page_no=51013'>Last &rsaquo;&rsaquo;<\/a><\/li>\n\n<\/ul>\n\n\n--><br \/>\n<\/body><\/p>\n","protected":false},"excerpt":{"rendered":"<p>Teher\u00e1n, 25 mar (PL) El canciller Mohammad Javad Zarif anunci\u00f3 hoy que viajar\u00e1 a Suiza para retomar negociaciones con seis potencias mundiales sobre el programa nuclear de Ir\u00e1n, y prometi\u00f3 hacer el m\u00e1ximo esfuerzo para lograr un acuerdo. Al comentar la ronda de pl\u00e1ticas que inicia este mi\u00e9rcoles en Lausana entre la rep\u00fablica isl\u00e1mica y [&hellip;]<\/p>\n","protected":false},"author":3,"featured_media":0,"comment_status":"open","ping_status":"open","sticky":false,"template":"","format":"standard","meta":{"footnotes":""},"categories":[23],"tags":[],"class_list":["post-254896","post","type-post","status-publish","format-standard","hentry","category-internacional"],"_links":{"self":[{"href":"https:\/\/diariodominicano.com\/index.php?rest_route=\/wp\/v2\/posts\/254896","targetHints":{"allow":["GET"]}}],"collection":[{"href":"https:\/\/diariodominicano.com\/index.php?rest_route=\/wp\/v2\/posts"}],"about":[{"href":"https:\/\/diariodominicano.com\/index.php?rest_route=\/wp\/v2\/types\/post"}],"author":[{"embeddable":true,"href":"https:\/\/diariodominicano.com\/index.php?rest_route=\/wp\/v2\/users\/3"}],"replies":[{"embeddable":true,"href":"https:\/\/diariodominicano.com\/index.php?rest_route=%2Fwp%2Fv2%2Fcomments&post=254896"}],"version-history":[{"count":0,"href":"https:\/\/diariodominicano.com\/index.php?rest_route=\/wp\/v2\/posts\/254896\/revisions"}],"wp:attachment":[{"href":"https:\/\/diariodominicano.com\/index.php?rest_route=%2Fwp%2Fv2%2Fmedia&parent=254896"}],"wp:term":[{"taxonomy":"category","embeddable":true,"href":"https:\/\/diariodominicano.com\/index.php?rest_route=%2Fwp%2Fv2%2Fcategories&post=254896"},{"taxonomy":"post_tag","embeddable":true,"href":"https:\/\/diariodominicano.com\/index.php?rest_route=%2Fwp%2Fv2%2Ftags&post=254896"}],"curies":[{"name":"wp","href":"https:\/\/api.w.org\/{rel}","templated":true}]}}