{"id":254886,"date":"2015-03-26T13:59:23","date_gmt":"2015-03-26T13:59:23","guid":{"rendered":"http:\/\/diariodominicano.ddns.net\/?p=254886"},"modified":"2015-03-26T13:59:23","modified_gmt":"2015-03-26T13:59:23","slug":"farc-estamos-resueltos-a-alcanzar-la-victoria-de-la-paz","status":"publish","type":"post","link":"https:\/\/diariodominicano.com\/?p=254886","title":{"rendered":"&#13;&#13;FARC: Estamos resueltos a alcanzar la victoria de la paz\t\t\t&#13;"},"content":{"rendered":"<p><body><\/p>\n<p><img decoding=\"async\" src=\"img3\/ivan-marquez26mar.jpg\" \/>  <\/p>\n<\/p>\n<p>La Habana, 26 mar (PL) La delegaci\u00f3n de las Fuerzas Armadas Revolucionarias de Colombia-Ej\u00e9rcito del Pueblo (FARC-EP) que participa en las conversaciones de paz con el gobierno colombiano ratific\u00f3 hoy su voluntad de continuar los esfuerzos para alcanzar el objetivo final.<\/p>\n<\/p>\n<p>Estamos aqu\u00ed en trinchera de La Habana resueltos a alcanzar la victoria de la paz con el apoyo de la movilizaci\u00f3n social, el concurso de los j\u00f3venes, mujeres, campesinos, pueblos ind\u00edgenas, comunidades afro, poblaci\u00f3n urbana y raizales, subray\u00f3 el jefe de la representaci\u00f3n de las FARC-EP, Iv\u00e1n M\u00e1rquez.<\/p>\n<\/p>\n<p>El fin de la confrontaci\u00f3n armada mediante el di\u00e1logo civilizado es una necesidad del momento, se\u00f1al\u00f3 M\u00e1rquez en un comunicado.<\/p>\n<\/p>\n<p>Las castas olig\u00e1rquicas -indic\u00f3- deben alejarse de sentimientos mezquinos y excluyentes porque los colombianos piden una paz que les garantice pan, empleo, tierra, salarios justos, salud y educaci\u00f3n gratuitas, vivienda digna, transporte barato, servicios p\u00fablicos, conectividad, respeto a la biodiversidad y al medio ambiente.<\/p>\n<\/p>\n<p>No queremos, subray\u00f3, que confundan las causas del conflicto con palabras que asusten como comunismo, narcotr\u00e1fico o terrorismo, pues estas sirven de comodines para prolongar la guerra y justificar la injerencia extranjera en el conflicto interno.<\/p>\n<\/p>\n<p>Tengan en cuenta que el derecho a la rebeli\u00f3n es una respuesta a los abusos del poder, contra sus atropellos y desafueros, puntualiz\u00f3 M\u00e1rquez, quien destac\u00f3 el pensamiento pol\u00edtico y militar del guerrillero Manuel Marulanda.<\/p>\n<h6> 2015-03-26 13:59:23 <\/h6>\n<p><!--\n<link rel=\"stylesheet\" href=\"css\/bootstrap.min.css\">\n\n\n<ul class=\"pagination\">\n\t    \n\t\n\n<li >\n\t<a href='?page_no=24530'>Previous<\/a>\n\t<\/li>\n\n\n       \n    \n\n<li><a href='?page_no=1'>1<\/a><\/li>\n\n\n\n<li><a href='?page_no=2'>2<\/a><\/li>\n\n\n\n<li><a>...<\/a><\/li>\n\n\n\n<li><a href='?page_no=24529'>24529<\/a><\/li>\n\n\n\n<li><a href='?page_no=24530'>24530<\/a><\/li>\n\n\n\n<li class='active'><a>24531<\/a><\/li>\n\n\n\n<li><a href='?page_no=24532'>24532<\/a><\/li>\n\n\n\n<li><a href='?page_no=24533'>24533<\/a><\/li>\n\n\n\n<li><a>...<\/a><\/li>\n\n\n\n<li><a href='?page_no=51012'>51012<\/a><\/li>\n\n\n\n<li><a href='?page_no=51013'>51013<\/a><\/li>\n\n    \n\t\n\n<li >\n\t<a href='?page_no=24532'>Next<\/a>\n\t<\/li>\n\n\n    \n\n<li><a href='?page_no=51013'>Last &rsaquo;&rsaquo;<\/a><\/li>\n\n<\/ul>\n\n\n--><br \/>\n<\/body><\/p>\n","protected":false},"excerpt":{"rendered":"<p>La Habana, 26 mar (PL) La delegaci\u00f3n de las Fuerzas Armadas Revolucionarias de Colombia-Ej\u00e9rcito del Pueblo (FARC-EP) que participa en las conversaciones de paz con el gobierno colombiano ratific\u00f3 hoy su voluntad de continuar los esfuerzos para alcanzar el objetivo final. Estamos aqu\u00ed en trinchera de La Habana resueltos a alcanzar la victoria de la [&hellip;]<\/p>\n","protected":false},"author":3,"featured_media":0,"comment_status":"open","ping_status":"open","sticky":false,"template":"","format":"standard","meta":{"footnotes":""},"categories":[23],"tags":[],"class_list":["post-254886","post","type-post","status-publish","format-standard","hentry","category-internacional"],"_links":{"self":[{"href":"https:\/\/diariodominicano.com\/index.php?rest_route=\/wp\/v2\/posts\/254886","targetHints":{"allow":["GET"]}}],"collection":[{"href":"https:\/\/diariodominicano.com\/index.php?rest_route=\/wp\/v2\/posts"}],"about":[{"href":"https:\/\/diariodominicano.com\/index.php?rest_route=\/wp\/v2\/types\/post"}],"author":[{"embeddable":true,"href":"https:\/\/diariodominicano.com\/index.php?rest_route=\/wp\/v2\/users\/3"}],"replies":[{"embeddable":true,"href":"https:\/\/diariodominicano.com\/index.php?rest_route=%2Fwp%2Fv2%2Fcomments&post=254886"}],"version-history":[{"count":0,"href":"https:\/\/diariodominicano.com\/index.php?rest_route=\/wp\/v2\/posts\/254886\/revisions"}],"wp:attachment":[{"href":"https:\/\/diariodominicano.com\/index.php?rest_route=%2Fwp%2Fv2%2Fmedia&parent=254886"}],"wp:term":[{"taxonomy":"category","embeddable":true,"href":"https:\/\/diariodominicano.com\/index.php?rest_route=%2Fwp%2Fv2%2Fcategories&post=254886"},{"taxonomy":"post_tag","embeddable":true,"href":"https:\/\/diariodominicano.com\/index.php?rest_route=%2Fwp%2Fv2%2Ftags&post=254886"}],"curies":[{"name":"wp","href":"https:\/\/api.w.org\/{rel}","templated":true}]}}