{"id":254871,"date":"2015-03-28T12:13:39","date_gmt":"2015-03-28T12:13:39","guid":{"rendered":"http:\/\/diariodominicano.ddns.net\/?p=254871"},"modified":"2015-03-28T12:13:39","modified_gmt":"2015-03-28T12:13:39","slug":"mas-de-mil-millones-de-personas-involucradas-en-hora-del-planeta","status":"publish","type":"post","link":"https:\/\/diariodominicano.com\/?p=254871","title":{"rendered":"M\u00e1s de mil millones de personas involucradas en Hora del Planeta"},"content":{"rendered":"<p><body><\/p>\n<p>Berna, 28 marzo (PL) .- La s\u00e9ptima parte de la poblaci\u00f3n mundial, m\u00e1s de mil millones de habitantes, se involucr\u00f3 hoy con la campa\u00f1a La Hora del Planeta, que busca la sensibilizaci\u00f3n de poblaci\u00f3n, gobiernos y empresas ante los problemas ambientales del mundo.<\/p>\n<\/p>\n<p>Mientras en algunos sitios asi\u00e1ticos y de Ocean\u00eda ya sucedi\u00f3 el acontecimiento, de 20:30 a 21:30, otros en Europa, \u00c1frica y Am\u00e9rica se disponen a aportar su granito de arena en esta acci\u00f3n voluntaria surgida en Australia en 2007.<\/p>\n<\/p>\n<p>Este a\u00f1o la campa\u00f1a constituye adem\u00e1s un altavoz para reclamar medidas que \u00abcambien el cambio clim\u00e1tico\u00bb, tan s\u00f3lo unos meses antes de la Cumbre del Clima de Par\u00eds, en diciembre, que se espera alcance un acuerdo clim\u00e1tico global.<\/p>\n<\/p>\n<p>M\u00e1s de siete mil ciudades de 162 pa\u00edses apagaron en 2014 las luces de sus principales monumentos y edificios emblem\u00e1ticos para sumarse a este movimiento mundial.<\/p>\n<\/p>\n<p>Entre los principales monumentos mundiales que participaron, destacaron algunos como la Torre Eiffel de Par\u00eds, el Cristo Redentor de R\u00edo de Janeiro, las cataratas del Ni\u00e1gara, la bas\u00edlica de San Pedro del Vaticano, la Acr\u00f3polis de Atenas, la Puerta de Brandemburgo, el Big Ben de Londres y la Opera de Sidney.<\/p>\n<\/p>\n<h6> 2015-03-28 12:13:39 <\/h6>\n<p><!--\n<link rel=\"stylesheet\" href=\"css\/bootstrap.min.css\">\n\n\n<ul class=\"pagination\">\n\t    \n\t\n\n<li >\n\t<a href='?page_no=24515'>Previous<\/a>\n\t<\/li>\n\n\n       \n    \n\n<li><a href='?page_no=1'>1<\/a><\/li>\n\n\n\n<li><a href='?page_no=2'>2<\/a><\/li>\n\n\n\n<li><a>...<\/a><\/li>\n\n\n\n<li><a href='?page_no=24514'>24514<\/a><\/li>\n\n\n\n<li><a href='?page_no=24515'>24515<\/a><\/li>\n\n\n\n<li class='active'><a>24516<\/a><\/li>\n\n\n\n<li><a href='?page_no=24517'>24517<\/a><\/li>\n\n\n\n<li><a href='?page_no=24518'>24518<\/a><\/li>\n\n\n\n<li><a>...<\/a><\/li>\n\n\n\n<li><a href='?page_no=51012'>51012<\/a><\/li>\n\n\n\n<li><a href='?page_no=51013'>51013<\/a><\/li>\n\n    \n\t\n\n<li >\n\t<a href='?page_no=24517'>Next<\/a>\n\t<\/li>\n\n\n    \n\n<li><a href='?page_no=51013'>Last &rsaquo;&rsaquo;<\/a><\/li>\n\n<\/ul>\n\n\n--><br \/>\n<\/body><\/p>\n","protected":false},"excerpt":{"rendered":"<p>Berna, 28 marzo (PL) .- La s\u00e9ptima parte de la poblaci\u00f3n mundial, m\u00e1s de mil millones de habitantes, se involucr\u00f3 hoy con la campa\u00f1a La Hora del Planeta, que busca la sensibilizaci\u00f3n de poblaci\u00f3n, gobiernos y empresas ante los problemas ambientales del mundo. Mientras en algunos sitios asi\u00e1ticos y de Ocean\u00eda ya sucedi\u00f3 el acontecimiento, [&hellip;]<\/p>\n","protected":false},"author":3,"featured_media":0,"comment_status":"open","ping_status":"open","sticky":false,"template":"","format":"standard","meta":{"footnotes":""},"categories":[23],"tags":[],"class_list":["post-254871","post","type-post","status-publish","format-standard","hentry","category-internacional"],"_links":{"self":[{"href":"https:\/\/diariodominicano.com\/index.php?rest_route=\/wp\/v2\/posts\/254871","targetHints":{"allow":["GET"]}}],"collection":[{"href":"https:\/\/diariodominicano.com\/index.php?rest_route=\/wp\/v2\/posts"}],"about":[{"href":"https:\/\/diariodominicano.com\/index.php?rest_route=\/wp\/v2\/types\/post"}],"author":[{"embeddable":true,"href":"https:\/\/diariodominicano.com\/index.php?rest_route=\/wp\/v2\/users\/3"}],"replies":[{"embeddable":true,"href":"https:\/\/diariodominicano.com\/index.php?rest_route=%2Fwp%2Fv2%2Fcomments&post=254871"}],"version-history":[{"count":0,"href":"https:\/\/diariodominicano.com\/index.php?rest_route=\/wp\/v2\/posts\/254871\/revisions"}],"wp:attachment":[{"href":"https:\/\/diariodominicano.com\/index.php?rest_route=%2Fwp%2Fv2%2Fmedia&parent=254871"}],"wp:term":[{"taxonomy":"category","embeddable":true,"href":"https:\/\/diariodominicano.com\/index.php?rest_route=%2Fwp%2Fv2%2Fcategories&post=254871"},{"taxonomy":"post_tag","embeddable":true,"href":"https:\/\/diariodominicano.com\/index.php?rest_route=%2Fwp%2Fv2%2Ftags&post=254871"}],"curies":[{"name":"wp","href":"https:\/\/api.w.org\/{rel}","templated":true}]}}