{"id":254867,"date":"2015-03-28T12:30:50","date_gmt":"2015-03-28T12:30:50","guid":{"rendered":"http:\/\/diariodominicano.ddns.net\/?p=254867"},"modified":"2015-03-28T12:30:50","modified_gmt":"2015-03-28T12:30:50","slug":"rafael-correa-exhorta-a-unirse-a-recoleccion-de-firmas-por-venezuela","status":"publish","type":"post","link":"https:\/\/diariodominicano.com\/?p=254867","title":{"rendered":"Rafael Correa exhorta a unirse a recolecci\u00f3n de firmas por Venezuela"},"content":{"rendered":"<p><body><\/p>\n<p><img decoding=\"async\" src=\"img3\/correa 2.jpg\" \/>  <\/p>\n<p>Quito, Ecuador 28 marzo (PL) El presidente ecuatoriano, Rafael Correa, exhort\u00f3 hoy a unirse a la Jornada Mundial para recolectar firmas por derogar el decreto ejecutivo estadounidense contra Venezuela e inst\u00f3 a los asistentes al enlace ciudadano a mostrar su apoyo a Caracas.<\/p>\n<\/p>\n<p>Todos somos Venezuela, se trata de respetar el derecho internacional y es inadmisible lo que hizo Barack Obama de emitir un decreto ejecutivo que declara a Venezuela una amenaza para Estados Unidos, puntualiz\u00f3 Correa.<\/p>\n<\/p>\n<p>Durante el habitual espacio radiotelevisado Enlace Ciudadano, desde el sector quite\u00f1o de Las Palmeras, el dignatario inst\u00f3 a involucrarse en la Jornada Mundial de recolecci\u00f3n de firmas para reclamar la anulaci\u00f3n de la iniciativa de Obama.<\/p>\n<\/p>\n<p>No vamos a permitir injerencias extranjeras ni atentados al derecho internacional; nuestra solidaridad con Venezuela ante las declaraciones inconsistentes del gobierno de Estados Unidos que considera a esa naci\u00f3n una amenaza, afirm\u00f3.<\/p>\n<\/p>\n<p>El jefe de Estado envi\u00f3 un mensaje a la Casa Blanca sobre el cambio en Am\u00e9rica Latina, en tanto aclar\u00f3 que la regi\u00f3n no va a acceder a intrusiones.<\/p>\n<\/p>\n<p>Es incuestionable que la decisi\u00f3n atenta contra el derecho internacional -apunt\u00f3- m\u00e1s cuando se ponen sanciones unilaterales, lo cual es similar a pisotear el derecho a la autodeterminaci\u00f3n; Venezuela no es una amenaza, sino esperanza.<\/p>\n<\/p>\n<p>Correa demand\u00f3 la eliminaci\u00f3n del decreto de la Casa Blanca contra Caracas , pues es una exigencia de Am\u00e9rica Latina, que no admitir\u00e1 riesgos para la seguridad y la paz de la regi\u00f3n.<\/p>\n<h6> 2015-03-28 12:30:50 <\/h6>\n<p><!--\n<link rel=\"stylesheet\" href=\"css\/bootstrap.min.css\">\n\n\n<ul class=\"pagination\">\n\t    \n\t\n\n<li >\n\t<a href='?page_no=24511'>Previous<\/a>\n\t<\/li>\n\n\n       \n    \n\n<li><a href='?page_no=1'>1<\/a><\/li>\n\n\n\n<li><a href='?page_no=2'>2<\/a><\/li>\n\n\n\n<li><a>...<\/a><\/li>\n\n\n\n<li><a href='?page_no=24510'>24510<\/a><\/li>\n\n\n\n<li><a href='?page_no=24511'>24511<\/a><\/li>\n\n\n\n<li class='active'><a>24512<\/a><\/li>\n\n\n\n<li><a href='?page_no=24513'>24513<\/a><\/li>\n\n\n\n<li><a href='?page_no=24514'>24514<\/a><\/li>\n\n\n\n<li><a>...<\/a><\/li>\n\n\n\n<li><a href='?page_no=51012'>51012<\/a><\/li>\n\n\n\n<li><a href='?page_no=51013'>51013<\/a><\/li>\n\n    \n\t\n\n<li >\n\t<a href='?page_no=24513'>Next<\/a>\n\t<\/li>\n\n\n    \n\n<li><a href='?page_no=51013'>Last &rsaquo;&rsaquo;<\/a><\/li>\n\n<\/ul>\n\n\n--><br \/>\n<\/body><\/p>\n","protected":false},"excerpt":{"rendered":"<p>Quito, Ecuador 28 marzo (PL) El presidente ecuatoriano, Rafael Correa, exhort\u00f3 hoy a unirse a la Jornada Mundial para recolectar firmas por derogar el decreto ejecutivo estadounidense contra Venezuela e inst\u00f3 a los asistentes al enlace ciudadano a mostrar su apoyo a Caracas. Todos somos Venezuela, se trata de respetar el derecho internacional y es [&hellip;]<\/p>\n","protected":false},"author":3,"featured_media":0,"comment_status":"open","ping_status":"open","sticky":false,"template":"","format":"standard","meta":{"footnotes":""},"categories":[23],"tags":[],"class_list":["post-254867","post","type-post","status-publish","format-standard","hentry","category-internacional"],"_links":{"self":[{"href":"https:\/\/diariodominicano.com\/index.php?rest_route=\/wp\/v2\/posts\/254867","targetHints":{"allow":["GET"]}}],"collection":[{"href":"https:\/\/diariodominicano.com\/index.php?rest_route=\/wp\/v2\/posts"}],"about":[{"href":"https:\/\/diariodominicano.com\/index.php?rest_route=\/wp\/v2\/types\/post"}],"author":[{"embeddable":true,"href":"https:\/\/diariodominicano.com\/index.php?rest_route=\/wp\/v2\/users\/3"}],"replies":[{"embeddable":true,"href":"https:\/\/diariodominicano.com\/index.php?rest_route=%2Fwp%2Fv2%2Fcomments&post=254867"}],"version-history":[{"count":0,"href":"https:\/\/diariodominicano.com\/index.php?rest_route=\/wp\/v2\/posts\/254867\/revisions"}],"wp:attachment":[{"href":"https:\/\/diariodominicano.com\/index.php?rest_route=%2Fwp%2Fv2%2Fmedia&parent=254867"}],"wp:term":[{"taxonomy":"category","embeddable":true,"href":"https:\/\/diariodominicano.com\/index.php?rest_route=%2Fwp%2Fv2%2Fcategories&post=254867"},{"taxonomy":"post_tag","embeddable":true,"href":"https:\/\/diariodominicano.com\/index.php?rest_route=%2Fwp%2Fv2%2Ftags&post=254867"}],"curies":[{"name":"wp","href":"https:\/\/api.w.org\/{rel}","templated":true}]}}