{"id":254865,"date":"2015-03-28T12:41:01","date_gmt":"2015-03-28T12:41:01","guid":{"rendered":"http:\/\/diariodominicano.ddns.net\/?p=254865"},"modified":"2015-03-28T12:41:01","modified_gmt":"2015-03-28T12:41:01","slug":"andreas-lubitz-le-dijo-a-su-ex-novia-que-algun-dia-todos-iban-a-recordar-su-nombre","status":"publish","type":"post","link":"https:\/\/diariodominicano.com\/?p=254865","title":{"rendered":"Andreas Lubitz le dijo a su ex novia que alg\u00fan d\u00eda \u00abtodos iban a recordar su nombre\u00bb"},"content":{"rendered":"<p><body><\/p>\n<p><img decoding=\"async\" src=\"img3\/piloto 2.jpg\" \/><br \/><img decoding=\"async\" src=\"img3\/misa 2.jpg\" \/>  <\/p>\n<p>Berl\u00edn, Alemania 28 marzo.- La novia de Lubitz dijo que su gran sue\u00f1o era convertirse en capit\u00e1n de Lufthansa y ser piloto de vuelos internacionales.<\/p>\n<\/p>\n<p>Andreas Lubitz, el copiloto que se sospecha que de forma deliberada estrell\u00f3 el Airbus A320 de la aerol\u00ednea alemana Germanwings este martes, predijo que \u00abalg\u00fan d\u00eda todo el mundo sabr\u00e1 mi nombre\u00bb.<\/p>\n<\/p>\n<p>Esto de acuerdo a las declaraciones de la exnovia de Lubitz al diario alem\u00e1n Bild.<\/p>\n<\/p>\n<p>\u00abRecuerdo que me dijo: &#8216;un d\u00eda voy a hacer algo que cambiar\u00e1 todo el sistema y todo el mundo sabr\u00e1 mi nombre y me recordar\u00e1'\u00bb, dijo.<\/p>\n<\/p>\n<p>El vuelo 4U 9525 en el que viajaba Lubitz como miembro de la tripulaci\u00f3n se estrell\u00f3 este martes con 150 personas a bordo.<\/p>\n<\/p>\n<p>La mujer, una azafata de 26 a\u00f1os de edad y quien vol\u00f3 con Lubitz durante cinco meses el a\u00f1o pasado, afirm\u00f3 que estaba \u00aben shock\u00bb cuando escuch\u00f3 las noticias sobre el hecho.<\/p>\n<\/p>\n<p>\u00abSi \u00e9l, de forma deliberada, caus\u00f3 la ca\u00edda del avi\u00f3n fue porque entendi\u00f3 que debido a sus problemas de salud, su gran sue\u00f1o de ser un piloto de Lufthansa, como capit\u00e1n de vuelos internacionales, era pr\u00e1cticamente imposible\u00bb, dijo.<\/p>\n<\/p>\n<p>Este jueves, investigadores franceses revelaron que despu\u00e9s de escuchar la caja negra del avi\u00f3n y de estudiar la informaci\u00f3n del caso, se podr\u00eda afirmar que Lubitz, quien estaba en control del Airbus A320 despu\u00e9s de que el piloto saliera de la cabina para usar el ba\u00f1o, hab\u00eda causado de forma deliberada el descenso del avi\u00f3n que finalmente se estrell\u00f3 en el sur de Francia causando la muerte de 150 personas.<\/p>\n<p><strong> <\/strong><\/p>\n<p><strong>Enfermedad<\/strong><\/p>\n<\/p>\n<p>Otro dato que se conoci\u00f3 en las \u00faltimas horas es que Lubitz escondi\u00f3 a la empresa los detalles de una enfermedad que padec\u00eda, informaron el viernes fiscales alemanes.<\/p>\n<\/p>\n<p><strong>Homenaje<\/strong><\/p>\n<\/p>\n<p>Se est\u00e1n realizando distintas ceremonias en homenaje a las v\u00edctimas del vuelo 4U 9525.<\/p>\n<\/p>\n<p>La fiscal\u00eda de la ciudad alemana de Dusseldorf indic\u00f3 que encontr\u00f3 evidencia en la casa de Andreas Lubitz, el copiloto de 28 a\u00f1os, que revela \u00abuna enfermedad existente y el tratamiento m\u00e9dico adecuado\u00bb.<\/p>\n<\/p>\n<p>El fiscal Ralf Herrenbrueck se\u00f1al\u00f3 en una declaraci\u00f3n que hallaron en su apartamento en esa ciudad notas escritas, y rotas en pedazos, sobre una ausencia m\u00e9dica que \u00abapoyan el actual an\u00e1lisis preliminar de que el fallecido escondi\u00f3 su enfermedad a su empleador y sus colegas\u00bb.<\/p>\n<p><strong> <\/strong><\/p>\n<p><strong>Pero no se indic\u00f3 qu\u00e9 enfermedad sufr\u00eda Lubitz.<\/strong><\/p>\n<\/p>\n<p>El fiscal agreg\u00f3 que no hay evidencia de un motivo pol\u00edtico o religioso para sus acciones y que no se encontr\u00f3 una nota de suicidio.<\/p>\n<\/p>\n<p>Los medios alemanes, sin embargo, han estado informando que el copiloto sufr\u00eda depresi\u00f3n y necesitaba revisiones m\u00e9dicas continuas.<\/p>\n<\/p>\n<h6> 2015-03-28 12:41:01 <\/h6>\n<p><!--\n<link rel=\"stylesheet\" href=\"css\/bootstrap.min.css\">\n\n\n<ul class=\"pagination\">\n\t    \n\t\n\n<li >\n\t<a href='?page_no=24509'>Previous<\/a>\n\t<\/li>\n\n\n       \n    \n\n<li><a href='?page_no=1'>1<\/a><\/li>\n\n\n\n<li><a href='?page_no=2'>2<\/a><\/li>\n\n\n\n<li><a>...<\/a><\/li>\n\n\n\n<li><a href='?page_no=24508'>24508<\/a><\/li>\n\n\n\n<li><a href='?page_no=24509'>24509<\/a><\/li>\n\n\n\n<li class='active'><a>24510<\/a><\/li>\n\n\n\n<li><a href='?page_no=24511'>24511<\/a><\/li>\n\n\n\n<li><a href='?page_no=24512'>24512<\/a><\/li>\n\n\n\n<li><a>...<\/a><\/li>\n\n\n\n<li><a href='?page_no=51012'>51012<\/a><\/li>\n\n\n\n<li><a href='?page_no=51013'>51013<\/a><\/li>\n\n    \n\t\n\n<li >\n\t<a href='?page_no=24511'>Next<\/a>\n\t<\/li>\n\n\n    \n\n<li><a href='?page_no=51013'>Last &rsaquo;&rsaquo;<\/a><\/li>\n\n<\/ul>\n\n\n--><br \/>\n<\/body><\/p>\n","protected":false},"excerpt":{"rendered":"<p>Berl\u00edn, Alemania 28 marzo.- La novia de Lubitz dijo que su gran sue\u00f1o era convertirse en capit\u00e1n de Lufthansa y ser piloto de vuelos internacionales. Andreas Lubitz, el copiloto que se sospecha que de forma deliberada estrell\u00f3 el Airbus A320 de la aerol\u00ednea alemana Germanwings este martes, predijo que \u00abalg\u00fan d\u00eda todo el mundo sabr\u00e1 [&hellip;]<\/p>\n","protected":false},"author":3,"featured_media":0,"comment_status":"open","ping_status":"open","sticky":false,"template":"","format":"standard","meta":{"footnotes":""},"categories":[23],"tags":[],"class_list":["post-254865","post","type-post","status-publish","format-standard","hentry","category-internacional"],"_links":{"self":[{"href":"https:\/\/diariodominicano.com\/index.php?rest_route=\/wp\/v2\/posts\/254865","targetHints":{"allow":["GET"]}}],"collection":[{"href":"https:\/\/diariodominicano.com\/index.php?rest_route=\/wp\/v2\/posts"}],"about":[{"href":"https:\/\/diariodominicano.com\/index.php?rest_route=\/wp\/v2\/types\/post"}],"author":[{"embeddable":true,"href":"https:\/\/diariodominicano.com\/index.php?rest_route=\/wp\/v2\/users\/3"}],"replies":[{"embeddable":true,"href":"https:\/\/diariodominicano.com\/index.php?rest_route=%2Fwp%2Fv2%2Fcomments&post=254865"}],"version-history":[{"count":0,"href":"https:\/\/diariodominicano.com\/index.php?rest_route=\/wp\/v2\/posts\/254865\/revisions"}],"wp:attachment":[{"href":"https:\/\/diariodominicano.com\/index.php?rest_route=%2Fwp%2Fv2%2Fmedia&parent=254865"}],"wp:term":[{"taxonomy":"category","embeddable":true,"href":"https:\/\/diariodominicano.com\/index.php?rest_route=%2Fwp%2Fv2%2Fcategories&post=254865"},{"taxonomy":"post_tag","embeddable":true,"href":"https:\/\/diariodominicano.com\/index.php?rest_route=%2Fwp%2Fv2%2Ftags&post=254865"}],"curies":[{"name":"wp","href":"https:\/\/api.w.org\/{rel}","templated":true}]}}