{"id":254864,"date":"2015-03-29T00:21:04","date_gmt":"2015-03-29T00:21:04","guid":{"rendered":"http:\/\/diariodominicano.ddns.net\/?p=254864"},"modified":"2015-03-29T00:21:04","modified_gmt":"2015-03-29T00:21:04","slug":"concluye-en-tunez-el-foro-social-mundial-mas-dificil-de-su-existencia","status":"publish","type":"post","link":"https:\/\/diariodominicano.com\/?p=254864","title":{"rendered":"Concluye en T\u00fanez el Foro Social Mundial m\u00e1s dif\u00edcil de su existencia"},"content":{"rendered":"<p><body><\/p>\n<p><img decoding=\"async\" src=\"img3\/forum00.jpg\" \/>  <\/p>\n<p><strong><span class=\"text1noticias\">Sergio Ferrari*, desde T\u00fanez<\/span><\/strong><\/p>\n<\/p>\n<p><strong><span class=\"text1noticias\">TUNEZ, 29 de Marzo de 2015.-<\/span><\/strong><span class=\"text1noticias\"> Arranc\u00f3 en las calles capitalinas con una nutrida movilizaci\u00f3n ciudadana el martes 24 de marzo y concluy\u00f3 el \u00faltimo s\u00e1bado con otra manifestaci\u00f3n. Esta vez en solidaridad con Palestina,  menos concurrida que la del inicio  y significativamente menos nutrida que la de clausura del Foro Social Mundial (FSM) 2013.<\/span><\/p>\n<\/p>\n<p><span class=\"text1noticias\">Con ausencia casi total de grandes actores de los dos foros tunecinos: la Uni\u00f3n General de Trabajadores de T\u00fanez (UGTT), los Diplomados Desempleados e incluso las Mujeres Democr\u00e1ticas. Y con menos presencia de organizaciones internacionales de primer nivel como V\u00eda Campesina. La presencia activa de la Marcha Mundial de Mujeres y de la red del Comit\u00e9 por la Anulaci\u00f3n de la Deuda del Tercer Mundo (CADTM), junto con algunos militantes de un pu\u00f1ado de sindicatos europeos fue la excepci\u00f3n.<\/span><\/p>\n<\/p>\n<p><span class=\"text1noticias\">La complejizada coyuntura pol\u00edtica desde los hechos del Museo Bardo el 18 de marzo, aportan una clave de explicaci\u00f3n. El pa\u00eds no termina de sacudirse del \u00abshock\u00bb y las prioridades de movilizaci\u00f3n miran hacia adentro. Este domingo, miles de ciudadanos ?incluida la UGTT- salieron a la calle convocados por del gobierno y por los principales partidos pol\u00edticos tunecinos junto con varias decenas de invitados internacionales especiales para reforzar la d\u00e9bil unidad nacional bajo las banderas de la lucha condena al terrorismo.<\/span><\/p>\n<\/p>\n<p><strong><span class=\"text1noticias\">Convergencia en la acci\u00f3n<\/span><\/strong><\/p>\n<\/p>\n<p><span class=\"text1noticias\">Hasta un par de horas antes de la manifestaci\u00f3n de clausura,  el FSM protagoniz\u00f3 en la Universidad El Manar, lo que es su esencia: el debate, el intercambio y el consenso sobre una agenda com\u00fan para las principales movilizaciones de la sociedad civil internacional.<\/span><\/p>\n<\/p>\n<p><span class=\"text1noticias\">Desde el jueves a la tarde, una treintena de Asambleas de Convergencia tem\u00e1ticas, buscaron sistematizar conclusiones. La del Clima, de cara a la Cumbre de Par\u00eds de las Naciones Unidas de diciembre pr\u00f3ximo, agend\u00f3 acciones y movilizaciones que se realizar\u00e1n en los diversos continentes durante todo el a\u00f1o para concluir en la capital francesa en una especie de contra cumbre de los pueblos que incluir\u00e1 acciones pac\u00edficas de desobediencia ciudadana.<\/span><\/p>\n<\/p>\n<p><span class=\"text1noticias\">La del Agua y la Tierra, elabor\u00f3 una Declaraci\u00f3n detallada que reitera que \u00abal agua, la tierra y las semillas son bienes  p\u00fablicos y no mercanc\u00edas\u00bb, d\u00e1ndole continuidad a un proceso de reflexi\u00f3n que naci\u00f3 en el FSM de Dakar en 2011.<\/span><\/p>\n<\/p>\n<p><span class=\"text1noticias\">La propuesta de la asamblea de los Medios Libres, insiste en reforzar la informaci\u00f3n y la comunicaci\u00f3n al servicio de los movimientos sociales. <\/span><\/p>\n<\/p>\n<p><span class=\"text1noticias\">En tanto, el Foro Parlamentario Mundial que se reuni\u00f3 el jueves 26 en la misma universidad y que funcion\u00f3 como un espacio de convergencia de legisladores progresistas, emiti\u00f3 cinco mociones sobre temas de actualidad: la construcci\u00f3n de la paz; la migraci\u00f3n; la deuda injusta; las multinacionales as\u00ed como el ingreso m\u00ednimo ciudadano.<\/span><\/p>\n<\/p>\n<p><strong><span class=\"text1noticias\">El futuro del FSM <\/span><\/strong><\/p>\n<\/p>\n<p><span class=\"text1noticias\">Volvi\u00f3 a aparecer como tema transversal durante todo el FSM. Y centraliza la agenda del Consejo Internacional del foro en su reuni\u00f3n evaluativa de ayer domingo y hoy lunes. El futuro del FSM anim\u00f3 numerosos espacios de reflexi\u00f3n en T\u00fanez y fue el tema central una de las asambleas de s\u00edntesis del s\u00e1bado a la ma\u00f1ana, convocando a una buena centena de participantes.<\/span><\/p>\n<\/p>\n<p><span class=\"text1noticias\">Lo que est\u00e1 en juego no es solo el lugar de realizaci\u00f3n del  pr\u00f3ximo Foro Social Mundial. Sino tambi\u00e9n el momento de su realizaci\u00f3n;  la metodolog\u00eda de funcionamiento; la presencia y visibilidad del mismo en el plano medi\u00e1tico internacional e incluso, el rol del actual Consejo Internacional que act\u00faa como \u00abinstancia facilitadora\u00bb . En s\u00edntesis, todo el foro se abre al debate.<\/span><\/p>\n<\/p>\n<p><span class=\"text1noticias\">\u00abEl FSM es una nueva invenci\u00f3n pol\u00edtica. Expresa otra forma de concebir y hacer la pol\u00edtica&#8230;Tiene apenas 15 a\u00f1os de existencia y los cambios exigen tiempo\u00bb, sintetiz\u00f3 el dirigente brasile\u00f1o Chico Whitaker, uno de los co-fundadores y persona de referencia de este espacio altermundialista.<\/span><\/p>\n<\/p>\n<p><span class=\"text1noticias\">Whitaker no ahorr\u00f3 cr\u00edticas, que dada su participaci\u00f3n en esa instancia tienen el sentido de autocr\u00edtica: \u00abel Consejo Internacional est\u00e1 totalmente perdido en cuanto a propuestas. Ya hace alg\u00fan tiempo propusimos la eutanasia de este elefante blanco y buscar una nueva f\u00f3rmula. Por ahora no lo logramos. Hubo gente que asumiendo  la vieja forma de hacer pol\u00edtica se integr\u00f3 a esta instancia creyendo que ah\u00ed hab\u00eda una cuota de poder a disputar. Pero no es as\u00ed. El FSM no tiene una direcci\u00f3n. Debemos recrear m\u00e9todos innovadores de coordinaci\u00f3n y facilitaci\u00f3n\u00bb.<\/span><\/p>\n<\/p>\n<p><span class=\"text1noticias\">El premio nobel alternativo 2006 reiter\u00f3 dos propuestas para los pr\u00f3ximos meses: volver a realizar el FSM en paralelo al Foro Econ\u00f3mico de Davos, \u00abpara recuperar la visibilidad  perdida. Para volver a existir internacionalmente\u00bb. Y convocar a un seminario de reflexi\u00f3n en 2016 en Porto Alegre, Brasil, \u00abpara conmemorar los 15 a\u00f1os de la existencia del Foro, demostrando  que el proceso sigue y para reflexionar a fondo sobre su futuro. Retomando todas las nuevas ideas que circulan\u00bb.<\/span><\/p>\n<\/p>\n<p><span class=\"text1noticias\">Propuesta que, en la pr\u00e1ctica, contradice la iniciativa impulsada por organizaciones canadienses de realizar la pr\u00f3xima edici\u00f3n a mediados de 2016 en Montreal. \u00abHoy no existe m\u00e1s un Norte y un Sur. Debemos globalizar las luchas. Canad\u00e1 y sus movimientos sociales necesitan ser reforzados\u00bb subraya Rafael Canet, joven promotor del Colectivo de Comit\u00e9s pro FSM en Montreal en 2016. \u00abDebemos superar el concepto tradicional de Norte-Sur. Hay movilizaciones y resistencias por igual en los dos hemisferios. Necesitamos innovaci\u00f3n y energ\u00eda para dinamizar este proceso. Buscar nuevas formas de relacionar el arte, la creatividad y el compromiso pol\u00edtico. Integrando metodolog\u00edas m\u00e1s abiertas para empujar hacia adelante al FSM\u00bb, subray\u00f3.<\/span><\/p>\n<\/p>\n<p><span class=\"text1noticias\">El FSM abre puertas nuevas y cierras viejas ventanas conceptuales. No hay f\u00f3rmulas ni recetas a la vista. Pero el cuestionamiento interno aparece como sin\u00f3nimo de vitalidad. Concluyendo esta segunda edici\u00f3n tunecina. La m\u00e1s compleja de los diez foros centralizados realizados hasta ahora en los \u00faltimos tres lustros. Por interrogantes internos; por problemas log\u00edsticos de los organizadores locales ?mayores que dos a\u00f1os atr\u00e1s- y por la realidad pol\u00edtica de T\u00fanez. Nunca antes una edici\u00f3n del FSM estuvo tan amenazada como la actual.<\/span><\/p>\n<\/p>\n<p><strong><span class=\"text1noticias\">*Sergio Ferrari, colaboraci\u00f3n E-CHANGER\/COMUNDO<\/span><\/strong><\/p>\n<\/p>\n<p><strong><span class=\"text1noticias\">Asamblea de los Movimientos Sociales<\/span><\/strong><\/p>\n<\/p>\n<p><span class=\"text1noticias\">La Carta de Porto Alegre desestima que el Foro Social Mundial publique una declaraci\u00f3n final  aunque no impide que actores importantes divulguen sus propios pronunciamientos. Desde la primera edici\u00f3n, la Asamblea de los Movimientos Sociales ha elaborado su propia declaraci\u00f3n. Din\u00e1mica repetida una vez m\u00e1s en T\u00fanez 2015.  Los puntos centrales expresan la continuidad de la lucha contra las trasnacionales y el sistema financiero, convocando para el pr\u00f3ximo 18 de abril a una jornada de acci\u00f3n internacional contra los tratados de libre comercio. El compromiso por la justicia clim\u00e1tica y la soberan\u00eda alimentaria, estableciendo el 2015 como a\u00f1o de la movilizaci\u00f3n por la justicia clim\u00e1tica culminando con una gran movilizaci\u00f3n ciudadana en diciembre en Par\u00eds, Francia, al margen de la COP21. Adem\u00e1s denuncia la violencia contra las mujeres, llamando a apoyar la 4ta Marcha Mundial de Mujeres que comenz\u00f3 el 8 de marzo y concluir\u00e1 en octubre del 2015. La Declaraci\u00f3n expresa su compromiso por la paz, contra la guerra, el colonialismo, la ocupaci\u00f3n y militarizaci\u00f3n de los territorios, exigiendo la reparaci\u00f3n de los pueblos v\u00edctimas del colonialismo. Se pronuncia por la democratizaci\u00f3n de los medios de comunicaci\u00f3n y la construcci\u00f3n de medios alternativos.  As\u00ed como convoca a multiplicar la resistencia y la solidaridad. Llamando a una semana de acciones mundiales contra el sistema entre el 17 y el 25 de octubre pr\u00f3ximos <strong>(Sergio Ferrari)<\/strong><\/span><\/p>\n<\/p>\n<\/p>\n<\/p>\n<\/p>\n<\/p>\n<h6> 2015-03-29 00:21:04 <\/h6>\n<p><!--\n<link rel=\"stylesheet\" href=\"css\/bootstrap.min.css\">\n\n\n<ul class=\"pagination\">\n\t    \n\t\n\n<li >\n\t<a href='?page_no=24508'>Previous<\/a>\n\t<\/li>\n\n\n       \n    \n\n<li><a href='?page_no=1'>1<\/a><\/li>\n\n\n\n<li><a href='?page_no=2'>2<\/a><\/li>\n\n\n\n<li><a>...<\/a><\/li>\n\n\n\n<li><a href='?page_no=24507'>24507<\/a><\/li>\n\n\n\n<li><a href='?page_no=24508'>24508<\/a><\/li>\n\n\n\n<li class='active'><a>24509<\/a><\/li>\n\n\n\n<li><a href='?page_no=24510'>24510<\/a><\/li>\n\n\n\n<li><a href='?page_no=24511'>24511<\/a><\/li>\n\n\n\n<li><a>...<\/a><\/li>\n\n\n\n<li><a href='?page_no=51012'>51012<\/a><\/li>\n\n\n\n<li><a href='?page_no=51013'>51013<\/a><\/li>\n\n    \n\t\n\n<li >\n\t<a href='?page_no=24510'>Next<\/a>\n\t<\/li>\n\n\n    \n\n<li><a href='?page_no=51013'>Last &rsaquo;&rsaquo;<\/a><\/li>\n\n<\/ul>\n\n\n--><br \/>\n<\/body><\/p>\n","protected":false},"excerpt":{"rendered":"<p>Sergio Ferrari*, desde T\u00fanez TUNEZ, 29 de Marzo de 2015.- Arranc\u00f3 en las calles capitalinas con una nutrida movilizaci\u00f3n ciudadana el martes 24 de marzo y concluy\u00f3 el \u00faltimo s\u00e1bado con otra manifestaci\u00f3n. Esta vez en solidaridad con Palestina, menos concurrida que la del inicio y significativamente menos nutrida que la de clausura del Foro [&hellip;]<\/p>\n","protected":false},"author":3,"featured_media":0,"comment_status":"open","ping_status":"open","sticky":false,"template":"","format":"standard","meta":{"footnotes":""},"categories":[23],"tags":[],"class_list":["post-254864","post","type-post","status-publish","format-standard","hentry","category-internacional"],"_links":{"self":[{"href":"https:\/\/diariodominicano.com\/index.php?rest_route=\/wp\/v2\/posts\/254864","targetHints":{"allow":["GET"]}}],"collection":[{"href":"https:\/\/diariodominicano.com\/index.php?rest_route=\/wp\/v2\/posts"}],"about":[{"href":"https:\/\/diariodominicano.com\/index.php?rest_route=\/wp\/v2\/types\/post"}],"author":[{"embeddable":true,"href":"https:\/\/diariodominicano.com\/index.php?rest_route=\/wp\/v2\/users\/3"}],"replies":[{"embeddable":true,"href":"https:\/\/diariodominicano.com\/index.php?rest_route=%2Fwp%2Fv2%2Fcomments&post=254864"}],"version-history":[{"count":0,"href":"https:\/\/diariodominicano.com\/index.php?rest_route=\/wp\/v2\/posts\/254864\/revisions"}],"wp:attachment":[{"href":"https:\/\/diariodominicano.com\/index.php?rest_route=%2Fwp%2Fv2%2Fmedia&parent=254864"}],"wp:term":[{"taxonomy":"category","embeddable":true,"href":"https:\/\/diariodominicano.com\/index.php?rest_route=%2Fwp%2Fv2%2Fcategories&post=254864"},{"taxonomy":"post_tag","embeddable":true,"href":"https:\/\/diariodominicano.com\/index.php?rest_route=%2Fwp%2Fv2%2Ftags&post=254864"}],"curies":[{"name":"wp","href":"https:\/\/api.w.org\/{rel}","templated":true}]}}