{"id":254863,"date":"2015-03-29T11:17:39","date_gmt":"2015-03-29T11:17:39","guid":{"rendered":"http:\/\/diariodominicano.ddns.net\/?p=254863"},"modified":"2015-03-29T11:17:39","modified_gmt":"2015-03-29T11:17:39","slug":"arrancan-elecciones-departamentales-y-municipales-en-bolivia","status":"publish","type":"post","link":"https:\/\/diariodominicano.com\/?p=254863","title":{"rendered":"Arrancan elecciones departamentales y municipales en Bolivia"},"content":{"rendered":"<p><body><\/p>\n<p><img decoding=\"async\" src=\"img3\/bolivia.jpg\" \/>  <\/p>\n<p><span class=\"text1noticias\">     LA PAZ, 29 mar (Xinhua) &#8212; El Tribunal Supremo Electoral (TSE) de Bolivia inici\u00f3 la jornada de elecciones departamentales y municipales, en la que se votar\u00e1n 4.975 autoridades subnacionales para un periodo de cinco a\u00f1os.<\/span><\/p>\n<\/p>\n<p><span class=\"text1noticias\">     La presidenta del TSE, Wilma Velasco, encargada de abrir la jornada electoral a las 7:20 hora local (11:20 GMT), exhort\u00f3 a las bolivianas y bolivianos desde la ciudad de La Paz a participar en el proceso para fortalecer la democracia.<\/span><\/p>\n<\/p>\n<p><span class=\"text1noticias\">     Un total de 6 millones 43.162 ciudadanos han sido llamados a elegir este domingo a sus autoridades locales.<\/span><\/p>\n<\/p>\n<p><span class=\"text1noticias\">     Se escoger\u00e1n ocho subgobernadores, un vice gobernador, 11 ejecutivos seccionales, 19 corregidores, 339 alcaldes y 4.026 concejales.<\/span><\/p>\n<\/p>\n<p><span class=\"text1noticias\">     Se elegir\u00e1n, adem\u00e1s, 288 asamble\u00edstas territoriales, 18 asamble\u00edstas regionales, 46 asamble\u00edstas ind\u00edgenas, cuatro asamble\u00edstas campesinos y 206 asamble\u00edstas poblacionales.<\/span><\/p>\n<\/p>\n<p><span class=\"text1noticias\">     Velasco garantiz\u00f3 que el voto del ciudadano ser\u00e1 respetado, y lo hizo en presencia del vicepresidente de Bolivia, \u00c1lvaro Garc\u00eda Linera, adem\u00e1s de ministros, polic\u00edas, militares, delegados de partidos pol\u00edticos, observadores internacionales y representantes diplom\u00e1ticos.<\/span><\/p>\n<\/p>\n<p><span class=\"text1noticias\">     El funcionario electoral pidi\u00f3 a los observadores internacionales a estar presentes en la jornada de sufragio y conteo, que comenzar\u00e1 a partir de las 16:00 hora local (20:00 GMT).<\/span><\/p>\n<\/p>\n<p><span class=\"text1noticias\">     Record\u00f3 que la informaci\u00f3n en \u00abboca de urna\u00bb se podr\u00e1 dar a conocer a partir de las 20:00 hora local (00:00 GMT).<\/span><\/p>\n<\/p>\n<p><span class=\"text1noticias\">     \u00abEstamos conscientes de la gran responsabilidad del Tribunal Supremo Electoral\u00bb, por lo que se garantiza que los resultados que se presenten \u00abser\u00e1n la expresi\u00f3n de lo manifestado por los ciudadanos en el acto electoral\u00bb, dijo.<\/span><\/p>\n<\/p>\n<p><span class=\"text1noticias\">     El \u00d3rgano Electoral Plurinacional dise\u00f1\u00f3 484 modelos de papeletas, lo que significa la repartici\u00f3n de m\u00e1s de 12 millones de boletas en los nueve departamentos en los que se divide el pa\u00eds sudamericano.<\/span><\/p>\n<\/p>\n<p><span class=\"text1noticias\">     Este n\u00famero, marca un r\u00e9cord en la historia electoral boliviana, despu\u00e9s de que en las elecciones subnacionales de abril de 2010 se imprimieron 11.311.700 boletas.<\/span><\/p>\n<\/p>\n<p><span class=\"text1noticias\">     Las elecciones en los departamentos de La Paz (oeste), Cochabamba (centro), Chuquisaca (sur), Potos\u00ed (sudoeste), Oruro (oeste) y Santa Cruz (este) ser\u00e1n las menos complejas porque s\u00f3lo se elegir\u00e1 a gobernadores, alcaldes y concejales.<\/span><\/p>\n<\/p>\n<p><span class=\"text1noticias\">     En Tarija (sur), Pando (norte) y Beni (noreste) el proceso se dificulta porque se votar\u00e1 por gobernadores, subgobernadores, corregidores, ejecutivos seccionales, alcaldes y concejales, adem\u00e1s de asamble\u00edstas departamentales, regionales e ind\u00edgenas. <\/span>Fin<\/p>\n<h6> 2015-03-29 11:17:39 <\/h6>\n<p><!--\n<link rel=\"stylesheet\" href=\"css\/bootstrap.min.css\">\n\n\n<ul class=\"pagination\">\n\t    \n\t\n\n<li >\n\t<a href='?page_no=24507'>Previous<\/a>\n\t<\/li>\n\n\n       \n    \n\n<li><a href='?page_no=1'>1<\/a><\/li>\n\n\n\n<li><a href='?page_no=2'>2<\/a><\/li>\n\n\n\n<li><a>...<\/a><\/li>\n\n\n\n<li><a href='?page_no=24506'>24506<\/a><\/li>\n\n\n\n<li><a href='?page_no=24507'>24507<\/a><\/li>\n\n\n\n<li class='active'><a>24508<\/a><\/li>\n\n\n\n<li><a href='?page_no=24509'>24509<\/a><\/li>\n\n\n\n<li><a href='?page_no=24510'>24510<\/a><\/li>\n\n\n\n<li><a>...<\/a><\/li>\n\n\n\n<li><a href='?page_no=51012'>51012<\/a><\/li>\n\n\n\n<li><a href='?page_no=51013'>51013<\/a><\/li>\n\n    \n\t\n\n<li >\n\t<a href='?page_no=24509'>Next<\/a>\n\t<\/li>\n\n\n    \n\n<li><a href='?page_no=51013'>Last &rsaquo;&rsaquo;<\/a><\/li>\n\n<\/ul>\n\n\n--><br \/>\n<\/body><\/p>\n","protected":false},"excerpt":{"rendered":"<p>LA PAZ, 29 mar (Xinhua) &#8212; El Tribunal Supremo Electoral (TSE) de Bolivia inici\u00f3 la jornada de elecciones departamentales y municipales, en la que se votar\u00e1n 4.975 autoridades subnacionales para un periodo de cinco a\u00f1os. La presidenta del TSE, Wilma Velasco, encargada de abrir la jornada electoral a las 7:20 hora local (11:20 GMT), exhort\u00f3 [&hellip;]<\/p>\n","protected":false},"author":3,"featured_media":0,"comment_status":"open","ping_status":"open","sticky":false,"template":"","format":"standard","meta":{"footnotes":""},"categories":[23],"tags":[],"class_list":["post-254863","post","type-post","status-publish","format-standard","hentry","category-internacional"],"_links":{"self":[{"href":"https:\/\/diariodominicano.com\/index.php?rest_route=\/wp\/v2\/posts\/254863","targetHints":{"allow":["GET"]}}],"collection":[{"href":"https:\/\/diariodominicano.com\/index.php?rest_route=\/wp\/v2\/posts"}],"about":[{"href":"https:\/\/diariodominicano.com\/index.php?rest_route=\/wp\/v2\/types\/post"}],"author":[{"embeddable":true,"href":"https:\/\/diariodominicano.com\/index.php?rest_route=\/wp\/v2\/users\/3"}],"replies":[{"embeddable":true,"href":"https:\/\/diariodominicano.com\/index.php?rest_route=%2Fwp%2Fv2%2Fcomments&post=254863"}],"version-history":[{"count":0,"href":"https:\/\/diariodominicano.com\/index.php?rest_route=\/wp\/v2\/posts\/254863\/revisions"}],"wp:attachment":[{"href":"https:\/\/diariodominicano.com\/index.php?rest_route=%2Fwp%2Fv2%2Fmedia&parent=254863"}],"wp:term":[{"taxonomy":"category","embeddable":true,"href":"https:\/\/diariodominicano.com\/index.php?rest_route=%2Fwp%2Fv2%2Fcategories&post=254863"},{"taxonomy":"post_tag","embeddable":true,"href":"https:\/\/diariodominicano.com\/index.php?rest_route=%2Fwp%2Fv2%2Ftags&post=254863"}],"curies":[{"name":"wp","href":"https:\/\/api.w.org\/{rel}","templated":true}]}}