{"id":254862,"date":"2015-03-29T11:20:48","date_gmt":"2015-03-29T11:20:48","guid":{"rendered":"http:\/\/diariodominicano.ddns.net\/?p=254862"},"modified":"2015-03-29T11:20:48","modified_gmt":"2015-03-29T11:20:48","slug":"el-papa-francisco-lidera-la-procession-del-domingo-de-ramos","status":"publish","type":"post","link":"https:\/\/diariodominicano.com\/?p=254862","title":{"rendered":"El papa Francisco lidera la procession del Domingo de Ramos"},"content":{"rendered":"<p><body><\/p>\n<p><img decoding=\"async\" src=\"img3\/papa 2.jpg\" \/>  <\/p>\n<p>El Vaticano, Italia 29 marzo.- El papa Francisco camin\u00f3 con solemnidad el domingo en la plaza de San Pedro del Vaticano, en la procesi\u00f3n del Domingo de Ramos que da inicio a la Semana Santa antes de Pascua.<\/p>\n<\/p>\n<p>Francisco sostuvo una palma en la mano durante la ceremonia, realizada ante la bas\u00edlica de San Pedro. En l\u00ednea con el tono de sus dos a\u00f1os de papado, Francisco se apoy\u00f3 en un sencillo bast\u00f3n de madera en lugar de en uno de los modelos tradicionales m\u00e1s ornamentados, de pie bajo un palio rojo en los escalones de la bas\u00edlica.<\/p>\n<\/p>\n<p>Francisco y otros prelados en la misa vistieron de rojo en alusi\u00f3n a la muerte de Jes\u00fas por crucifixi\u00f3n. Decenas de miles de fieles sostuvieron ramas de olivo durante la misa, bajo un cielo azul claro.<\/p>\n<\/p>\n<p>Turistas y peregrinos han acudido a Roma, y muchos seguir\u00e1n el Via Crucis del papa en el Coliseo el viernes<\/p>\n<\/p>\n<h6> 2015-03-29 11:20:48 <\/h6>\n<p><!--\n<link rel=\"stylesheet\" href=\"css\/bootstrap.min.css\">\n\n\n<ul class=\"pagination\">\n\t    \n\t\n\n<li >\n\t<a href='?page_no=24506'>Previous<\/a>\n\t<\/li>\n\n\n       \n    \n\n<li><a href='?page_no=1'>1<\/a><\/li>\n\n\n\n<li><a href='?page_no=2'>2<\/a><\/li>\n\n\n\n<li><a>...<\/a><\/li>\n\n\n\n<li><a href='?page_no=24505'>24505<\/a><\/li>\n\n\n\n<li><a href='?page_no=24506'>24506<\/a><\/li>\n\n\n\n<li class='active'><a>24507<\/a><\/li>\n\n\n\n<li><a href='?page_no=24508'>24508<\/a><\/li>\n\n\n\n<li><a href='?page_no=24509'>24509<\/a><\/li>\n\n\n\n<li><a>...<\/a><\/li>\n\n\n\n<li><a href='?page_no=51012'>51012<\/a><\/li>\n\n\n\n<li><a href='?page_no=51013'>51013<\/a><\/li>\n\n    \n\t\n\n<li >\n\t<a href='?page_no=24508'>Next<\/a>\n\t<\/li>\n\n\n    \n\n<li><a href='?page_no=51013'>Last &rsaquo;&rsaquo;<\/a><\/li>\n\n<\/ul>\n\n\n--><br \/>\n<\/body><\/p>\n","protected":false},"excerpt":{"rendered":"<p>El Vaticano, Italia 29 marzo.- El papa Francisco camin\u00f3 con solemnidad el domingo en la plaza de San Pedro del Vaticano, en la procesi\u00f3n del Domingo de Ramos que da inicio a la Semana Santa antes de Pascua. Francisco sostuvo una palma en la mano durante la ceremonia, realizada ante la bas\u00edlica de San Pedro. [&hellip;]<\/p>\n","protected":false},"author":3,"featured_media":0,"comment_status":"open","ping_status":"open","sticky":false,"template":"","format":"standard","meta":{"footnotes":""},"categories":[23],"tags":[],"class_list":["post-254862","post","type-post","status-publish","format-standard","hentry","category-internacional"],"_links":{"self":[{"href":"https:\/\/diariodominicano.com\/index.php?rest_route=\/wp\/v2\/posts\/254862","targetHints":{"allow":["GET"]}}],"collection":[{"href":"https:\/\/diariodominicano.com\/index.php?rest_route=\/wp\/v2\/posts"}],"about":[{"href":"https:\/\/diariodominicano.com\/index.php?rest_route=\/wp\/v2\/types\/post"}],"author":[{"embeddable":true,"href":"https:\/\/diariodominicano.com\/index.php?rest_route=\/wp\/v2\/users\/3"}],"replies":[{"embeddable":true,"href":"https:\/\/diariodominicano.com\/index.php?rest_route=%2Fwp%2Fv2%2Fcomments&post=254862"}],"version-history":[{"count":0,"href":"https:\/\/diariodominicano.com\/index.php?rest_route=\/wp\/v2\/posts\/254862\/revisions"}],"wp:attachment":[{"href":"https:\/\/diariodominicano.com\/index.php?rest_route=%2Fwp%2Fv2%2Fmedia&parent=254862"}],"wp:term":[{"taxonomy":"category","embeddable":true,"href":"https:\/\/diariodominicano.com\/index.php?rest_route=%2Fwp%2Fv2%2Fcategories&post=254862"},{"taxonomy":"post_tag","embeddable":true,"href":"https:\/\/diariodominicano.com\/index.php?rest_route=%2Fwp%2Fv2%2Ftags&post=254862"}],"curies":[{"name":"wp","href":"https:\/\/api.w.org\/{rel}","templated":true}]}}