{"id":254861,"date":"2015-03-29T12:20:29","date_gmt":"2015-03-29T12:20:29","guid":{"rendered":"http:\/\/diariodominicano.ddns.net\/?p=254861"},"modified":"2015-03-29T12:20:29","modified_gmt":"2015-03-29T12:20:29","slug":"un-airbus-320-que-salio-de-toronto-canada-se-salio-de-la-pista-dejando-un-saldo-de-23-heridos","status":"publish","type":"post","link":"https:\/\/diariodominicano.com\/?p=254861","title":{"rendered":"Un Airbus 320 que sali\u00f3 de Toronto, Canad\u00e1 se sali\u00f3 de la pista dejando un saldo de 23 heridos"},"content":{"rendered":"<p><body><\/p>\n<p><img decoding=\"async\" src=\"img3\/avion 2.jpg\" \/><br \/><img decoding=\"async\" src=\"img3\/acci 29.jpg\" \/>  <\/p>\n<\/p>\n<p> En esta foto provista por la Junta de Seguridad del Transporte de Canad\u00e1 se ve un avi\u00f3n Airbus A-320 de Air Canada que se derrap\u00f3 en la pista del aeropuerto de Halifax el domingo 29 de marzo de 2015 debido al mal clima.<\/p>\n<p>En esta foto provista por la Junta de Seguridad del Transporte de Canad\u00e1 se ve un avi\u00f3n Airbus A-320 de Air Canada que se derrap\u00f3 en la pista del aeropuerto de Halifax el domingo 29 de marzo de 2015 debido al mal clima. (AP )<\/p>\n<\/p>\n<p> HALIFAX, Canad\u00e1 (AP) ? Un avi\u00f3n de Air Canada hizo un aterrizaje abrupto, al derrapar y salir de la pista en el aeropuerto canadiense de Halifax debido al mal tiempo, informaron las autoridades. Un total de 23 personas fueron llevadas al hospital para observaci\u00f3n y tratamiento por lesiones menores.<\/p>\n<\/p>\n<p>La aerol\u00ednea inform\u00f3 el domingo que un total de 133 pasajeros y cinco tripulantes viajaban en el Airbus 320 que parti\u00f3 de Toronto el s\u00e1bado por la noche para el vuelo AC624.<\/p>\n<\/p>\n<p>Air Canada inform\u00f3 que 18 personas que fueron hospitalizadas fueron dadas de alta. Hab\u00eda informaci\u00f3n contradictoria sobre el n\u00famero de heridos poco despu\u00e9s del incidente, pero la aerol\u00ednea y el aeropuerto dijeron despu\u00e9s que 23 fueron llevados a hospitales del \u00e1rea. Ninguna de las lesiones fue considerada de gravedad, dijo Air Canada.<\/p>\n<\/p>\n<p>El portavoz del aeropuerto Peter Spurway dijo que el avi\u00f3n aterriz\u00f3 en medio de condiciones de tormenta a las 12:25 de la ma\u00f1ana del domingo.<\/p>\n<\/p>\n<p>\u00abDescendi\u00f3 muy fuerte, patin\u00f3 y se sali\u00f3 de la pista\u00bb, dijo Spurway. El portavoz no supo decir su las condiciones de la pista tuvieron algo que ver.<\/p>\n<\/p>\n<p>Hab\u00eda una alerta de nevada para la regi\u00f3n de Halifax y la oficina ambiental de Canad\u00e1 dijo que la \u00abvisibilidad podr\u00eda verse de pronto reducida por momentos durante la fuerte ca\u00eda de nieve\u00bb.<\/p>\n<\/p>\n<p>Los pasajeros a bordo del avi\u00f3n cre\u00edan que el avi\u00f3n hab\u00eda tocado un cable el\u00e9ctrico al momento de aterrizar y describieron que la aeronave se desliz\u00f3 por la panza momentos antes de detenerse. La luz se fue en el aeropuerto, pero las autoridades no confirmaron la causa.<\/p>\n<\/p>\n<p>Randy Hall y su esposa Lianne Clark iban de regreso a casa luego de vacacionar en M\u00e9xico cuando \u00e9l pens\u00f3 que el avi\u00f3n hab\u00eda golpeado un cable el\u00e9ctrico antes de aterrizar fuerte sobre la pista. Hubo chispas pero no fuego, dijo. \u00abApenas est\u00e1bamos tocando tierra cuando hubo un enorme destello\u00bb, describi\u00f3 Hall. \u00abEl avi\u00f3n baj\u00f3 y \u00a1bang! volvi\u00f3 a saltar al aire otra vez\u00bb.<\/p>\n<\/p>\n<p>El aparato se patin\u00f3 antes de detenerse, dijo Hall, un jubilado. \u00abNos deslizamos sobre nuestra barriga\u00bb.<\/p>\n<\/p>\n<p>La pareja, quienes estaban envueltos en mantas mientras hablaban, dijeron que vieron a algunas personas con sangre en el rostro pero al parecer no hab\u00eda heridos de gravedad.<\/p>\n<\/p>\n<h6> 2015-03-29 12:20:29 <\/h6>\n<p><!--\n<link rel=\"stylesheet\" href=\"css\/bootstrap.min.css\">\n\n\n<ul class=\"pagination\">\n\t    \n\t\n\n<li >\n\t<a href='?page_no=24505'>Previous<\/a>\n\t<\/li>\n\n\n       \n    \n\n<li><a href='?page_no=1'>1<\/a><\/li>\n\n\n\n<li><a href='?page_no=2'>2<\/a><\/li>\n\n\n\n<li><a>...<\/a><\/li>\n\n\n\n<li><a href='?page_no=24504'>24504<\/a><\/li>\n\n\n\n<li><a href='?page_no=24505'>24505<\/a><\/li>\n\n\n\n<li class='active'><a>24506<\/a><\/li>\n\n\n\n<li><a href='?page_no=24507'>24507<\/a><\/li>\n\n\n\n<li><a href='?page_no=24508'>24508<\/a><\/li>\n\n\n\n<li><a>...<\/a><\/li>\n\n\n\n<li><a href='?page_no=51012'>51012<\/a><\/li>\n\n\n\n<li><a href='?page_no=51013'>51013<\/a><\/li>\n\n    \n\t\n\n<li >\n\t<a href='?page_no=24507'>Next<\/a>\n\t<\/li>\n\n\n    \n\n<li><a href='?page_no=51013'>Last &rsaquo;&rsaquo;<\/a><\/li>\n\n<\/ul>\n\n\n--><br \/>\n<\/body><\/p>\n","protected":false},"excerpt":{"rendered":"<p>En esta foto provista por la Junta de Seguridad del Transporte de Canad\u00e1 se ve un avi\u00f3n Airbus A-320 de Air Canada que se derrap\u00f3 en la pista del aeropuerto de Halifax el domingo 29 de marzo de 2015 debido al mal clima. En esta foto provista por la Junta de Seguridad del Transporte de [&hellip;]<\/p>\n","protected":false},"author":3,"featured_media":0,"comment_status":"open","ping_status":"open","sticky":false,"template":"","format":"standard","meta":{"footnotes":""},"categories":[23],"tags":[],"class_list":["post-254861","post","type-post","status-publish","format-standard","hentry","category-internacional"],"_links":{"self":[{"href":"https:\/\/diariodominicano.com\/index.php?rest_route=\/wp\/v2\/posts\/254861","targetHints":{"allow":["GET"]}}],"collection":[{"href":"https:\/\/diariodominicano.com\/index.php?rest_route=\/wp\/v2\/posts"}],"about":[{"href":"https:\/\/diariodominicano.com\/index.php?rest_route=\/wp\/v2\/types\/post"}],"author":[{"embeddable":true,"href":"https:\/\/diariodominicano.com\/index.php?rest_route=\/wp\/v2\/users\/3"}],"replies":[{"embeddable":true,"href":"https:\/\/diariodominicano.com\/index.php?rest_route=%2Fwp%2Fv2%2Fcomments&post=254861"}],"version-history":[{"count":0,"href":"https:\/\/diariodominicano.com\/index.php?rest_route=\/wp\/v2\/posts\/254861\/revisions"}],"wp:attachment":[{"href":"https:\/\/diariodominicano.com\/index.php?rest_route=%2Fwp%2Fv2%2Fmedia&parent=254861"}],"wp:term":[{"taxonomy":"category","embeddable":true,"href":"https:\/\/diariodominicano.com\/index.php?rest_route=%2Fwp%2Fv2%2Fcategories&post=254861"},{"taxonomy":"post_tag","embeddable":true,"href":"https:\/\/diariodominicano.com\/index.php?rest_route=%2Fwp%2Fv2%2Ftags&post=254861"}],"curies":[{"name":"wp","href":"https:\/\/api.w.org\/{rel}","templated":true}]}}