{"id":254860,"date":"2015-03-29T22:03:05","date_gmt":"2015-03-29T22:03:05","guid":{"rendered":"http:\/\/diariodominicano.ddns.net\/?p=254860"},"modified":"2015-03-29T22:03:05","modified_gmt":"2015-03-29T22:03:05","slug":"aumentan-a-14-muertos-y-20-desaparecidos-por-inundaciones-en-chile","status":"publish","type":"post","link":"https:\/\/diariodominicano.com\/?p=254860","title":{"rendered":"Aumentan a 14 muertos y 20 desaparecidos por inundaciones en Chile"},"content":{"rendered":"<p><body><\/p>\n<p><img decoding=\"async\" src=\"img3\/Chile9.jpg\" \/><br \/><img decoding=\"async\" src=\"img3\/Chile 2.jpg\" \/>  <\/p>\n<p><span class=\"text1noticias\">SANTIAGO, 30 mar (Xinhua) &#8212; La Oficina Nacional de Emergencia de Chile (Onemi) inform\u00f3 esta noche de domingo que las v\u00edctimas aument\u00f3 a 14, mientras otras 20 personas permanecen desaparecidas, debido a las inundaciones en el norte del pa\u00eds.<\/span><\/p>\n<p><span class=\"text1noticias\">El mi\u00e9rcoles en la madrugada las m\u00e1s intensas precipitaciones en 80 a\u00f1os inundaron las capitales de las regiones des\u00e9rticas de las regiones de Atacama y Antofagasta y asilaron poblados, generando anegamientos y aludes.<\/span><\/p>\n<p><span class=\"text1noticias\"> <\/span><\/p>\n<p><span class=\"text1noticias\">La acci\u00f3n de cauces inusitados de agua y el lodo provocaron el mayor n\u00famero de v\u00edctimas en la regi\u00f3n de Atacama, a unos 700 kil\u00f3metros al norte de Santiago.<\/span><\/p>\n<p><span class=\"text1noticias\"> <\/span><\/p>\n<p><span class=\"text1noticias\">El siempre seco R\u00edo Copiap\u00f3 que cruza la ciudad capital del mismo nombre en pleno desierto de Atacama, inund\u00f3 vastas zonas de la ciudad, llevando al  colapso de la urbe aislando a las localidades pr\u00f3ximas.<\/span><\/p>\n<p><span class=\"text1noticias\"> <\/span><\/p>\n<p><span class=\"text1noticias\">El gobierno decret\u00f3 Zona de Cat\u00e1strofe en las regiones de Atacama y Antofagasta, suspendi\u00f3 clases y ciertas garant\u00edas constitucionales, decretando un Toque de Queda para la regi\u00f3n el que se hace efectivo desde las 21:00 hora local para prevenir vandalismo.<\/span><\/p>\n<p><span class=\"text1noticias\"> <\/span><\/p>\n<p><span class=\"text1noticias\">El Ejecutivo ha contabilizado unos 10 mil damnificados y unas 5 mil viviendas inutilizadas.  <\/span><\/p>\n<p><span class=\"text1noticias\">Expertos han identificado al denominado efecto \u00abinvierno altipl\u00e1nico\u00bb, las generaci\u00f3n de lluvias intensas en pleno verano austral en esta zona del norte.<\/span><\/p>\n<p><span class=\"text1noticias\"> <\/span><\/p>\n<p><span class=\"text1noticias\"> <\/span><\/p>\n<p><span class=\"text1noticias\">Presidenta Michelle Bachelet<\/span><\/p>\n<p><span class=\"text1noticias\"> <\/span><\/p>\n<p><span class=\"text1noticias\">Al concluir el Comit\u00e9 de Emergencia en el Palacio de la Moneda, la Mandataria destac\u00f3 que \u00abel foco principal ha sido evitar riesgo para la vida de las personas, poder rescatar a los que estaban aislados y poder asegurar el abastecimiento b\u00e1sico\u00bb.<\/span><\/p>\n<p><span class=\"text1noticias\"> <\/span><\/p>\n<p><span class=\"text1noticias\">Tras liderar una reuni\u00f3n de trabajo para abordar la situaci\u00f3n en la zona de cat\u00e1strofe en el norte del pa\u00eds, con algunos ministros, subsecretarios y miembros de las Fuerzas Armadas y de Orden, la Presidenta de la Rep\u00fablica, Michelle Bachelet, realiz\u00f3 una declaraci\u00f3n a la prensa en el Sal\u00f3n Rojo del Palacio de la Moneda.<\/span><\/p>\n<p><span class=\"text1noticias\"> <\/span><\/p>\n<p><span class=\"text1noticias\">En la ocasi\u00f3n, la m\u00e1xima autoridad del pa\u00eds hizo un recuento de las medidas de salvataje, de limpieza de calles y casas, de abastecimiento de v\u00edveres y servicios b\u00e1sicos que se han llevado a cabo en la zona, as\u00ed como tambi\u00e9n las iniciativas en materia sanitaria. Al respecto indic\u00f3 que \u00abnos encontramos a\u00fan en emergencia, aun cuando los cauces de los r\u00edos han bajado, no ha habido nueva activaci\u00f3n de quebradas y hemos estado atendiendo a las necesidades de la gente. Por eso vamos a continuar reforzando la ayuda y llegar a los lugares donde todav\u00eda no se ha recibido suficiente agua y alimento\u00bb.<\/span><\/p>\n<p><span class=\"text1noticias\"> <\/span><\/p>\n<p><span class=\"text1noticias\">A su vez inform\u00f3 que hasta esta ma\u00f1ana tenemos 10 fallecidos; 19 desaparecidos; 4.634 damnificados; 5.584 albergados y 4.427 viviendas da\u00f1adas, asegurando que estas cifras pueden variar en la medida en que se pueda ir llegando a lugares m\u00e1s extremos. \u00abQuiero, a nombre del Gobierno, reiterar mis condolencias a las familias y a los amigos de todas las personas afectadas. \u00c9sta es una desgracia que en verdad nos enluta y nos golpea como pa\u00eds y como pueblo\u00bb, se\u00f1al\u00f3 adem\u00e1s la Mandataria.<\/span><\/p>\n<p><span class=\"text1noticias\"> <\/span><\/p>\n<p><span class=\"text1noticias\">En materia vial, la Jefa de Estado, expres\u00f3 que \u00abhemos estado trabajando fuertemente en asegurar conectividad terrestre, y a partir de ayer y de hoy, se va a poder llegar a lugares donde no se hab\u00eda podido llegar\u00bb.<\/span><\/p>\n<p><span class=\"text1noticias\"> <\/span><\/p>\n<p><span class=\"text1noticias\">A modo de balance, dijo que \u00abel panorama es desolador, y necesitamos apurar ? y en eso hemos estado- el tranco para llegar justamente a localidades que a\u00fan est\u00e1n aisladas y que requieren nuestro apoyo\u00bb.<\/span><\/p>\n<p><span class=\"text1noticias\"> <\/span><\/p>\n<p><span class=\"text1noticias\">Y haciendo un llamado a la comunidad, recalc\u00f3 que \u00abnecesitamos el trabajo de todos, y agradecemos, y hemos agradecido, en la reuni\u00f3n y hoy p\u00fablicamente tambi\u00e9n, el trabajo no s\u00f3lo, del Gobierno- que ha estado en terreno, en todos lados, coordinado con los municipios-, sino tambi\u00e9n el trabajo de las Fuerzas Armadas, de Carabineros de Chile, de la Polic\u00eda de Investigaciones, de Bomberos\u00bb. Tambi\u00e9n destac\u00f3 la labor de la red de radioaficionados \u00abque nos permiti\u00f3, cuando se cortaron las comunicaciones en lugares m\u00e1s aislados, tener contacto, conocer la realidad y poder tomar las medidas necesarias\u00bb.<\/span><\/p>\n<p><span class=\"text1noticias\"> <\/span><\/p>\n<p><span class=\"text1noticias\">De la misma manera relev\u00f3 el aporte de los voluntarios, que \u00abcomo ocurre siempre en estos casos, que se ponen a disposici\u00f3n para trabajar, sea limpiando calles, como los pescadores de la Caleta Caldera, que fueron de inmediato a Cha\u00f1aral con mercanc\u00eda y con apoyo\u00bb.<\/span><\/p>\n<p><span class=\"text1noticias\"> <\/span><\/p>\n<p><span class=\"text1noticias\">Finalmente, la Presidenta, asever\u00f3 que \u00abcomo siempre nuestro pa\u00eds frente a este tipo de situaciones, la gran mayor\u00eda de las personas responde solidariamente y entregan lo mejor<\/span> de s\u00ed mismos\u00bb.<\/p>\n<h6> 2015-03-29 22:03:05 <\/h6>\n<p><!--\n<link rel=\"stylesheet\" href=\"css\/bootstrap.min.css\">\n\n\n<ul class=\"pagination\">\n\t    \n\t\n\n<li >\n\t<a href='?page_no=24504'>Previous<\/a>\n\t<\/li>\n\n\n       \n    \n\n<li><a href='?page_no=1'>1<\/a><\/li>\n\n\n\n<li><a href='?page_no=2'>2<\/a><\/li>\n\n\n\n<li><a>...<\/a><\/li>\n\n\n\n<li><a href='?page_no=24503'>24503<\/a><\/li>\n\n\n\n<li><a href='?page_no=24504'>24504<\/a><\/li>\n\n\n\n<li class='active'><a>24505<\/a><\/li>\n\n\n\n<li><a href='?page_no=24506'>24506<\/a><\/li>\n\n\n\n<li><a href='?page_no=24507'>24507<\/a><\/li>\n\n\n\n<li><a>...<\/a><\/li>\n\n\n\n<li><a href='?page_no=51012'>51012<\/a><\/li>\n\n\n\n<li><a href='?page_no=51013'>51013<\/a><\/li>\n\n    \n\t\n\n<li >\n\t<a href='?page_no=24506'>Next<\/a>\n\t<\/li>\n\n\n    \n\n<li><a href='?page_no=51013'>Last &rsaquo;&rsaquo;<\/a><\/li>\n\n<\/ul>\n\n\n--><br \/>\n<\/body><\/p>\n","protected":false},"excerpt":{"rendered":"<p>SANTIAGO, 30 mar (Xinhua) &#8212; La Oficina Nacional de Emergencia de Chile (Onemi) inform\u00f3 esta noche de domingo que las v\u00edctimas aument\u00f3 a 14, mientras otras 20 personas permanecen desaparecidas, debido a las inundaciones en el norte del pa\u00eds. El mi\u00e9rcoles en la madrugada las m\u00e1s intensas precipitaciones en 80 a\u00f1os inundaron las capitales de [&hellip;]<\/p>\n","protected":false},"author":3,"featured_media":0,"comment_status":"open","ping_status":"open","sticky":false,"template":"","format":"standard","meta":{"footnotes":""},"categories":[23],"tags":[],"class_list":["post-254860","post","type-post","status-publish","format-standard","hentry","category-internacional"],"_links":{"self":[{"href":"https:\/\/diariodominicano.com\/index.php?rest_route=\/wp\/v2\/posts\/254860","targetHints":{"allow":["GET"]}}],"collection":[{"href":"https:\/\/diariodominicano.com\/index.php?rest_route=\/wp\/v2\/posts"}],"about":[{"href":"https:\/\/diariodominicano.com\/index.php?rest_route=\/wp\/v2\/types\/post"}],"author":[{"embeddable":true,"href":"https:\/\/diariodominicano.com\/index.php?rest_route=\/wp\/v2\/users\/3"}],"replies":[{"embeddable":true,"href":"https:\/\/diariodominicano.com\/index.php?rest_route=%2Fwp%2Fv2%2Fcomments&post=254860"}],"version-history":[{"count":0,"href":"https:\/\/diariodominicano.com\/index.php?rest_route=\/wp\/v2\/posts\/254860\/revisions"}],"wp:attachment":[{"href":"https:\/\/diariodominicano.com\/index.php?rest_route=%2Fwp%2Fv2%2Fmedia&parent=254860"}],"wp:term":[{"taxonomy":"category","embeddable":true,"href":"https:\/\/diariodominicano.com\/index.php?rest_route=%2Fwp%2Fv2%2Fcategories&post=254860"},{"taxonomy":"post_tag","embeddable":true,"href":"https:\/\/diariodominicano.com\/index.php?rest_route=%2Fwp%2Fv2%2Ftags&post=254860"}],"curies":[{"name":"wp","href":"https:\/\/api.w.org\/{rel}","templated":true}]}}