{"id":254858,"date":"2015-03-30T12:03:45","date_gmt":"2015-03-30T12:03:45","guid":{"rendered":"http:\/\/diariodominicano.ddns.net\/?p=254858"},"modified":"2015-03-30T12:03:45","modified_gmt":"2015-03-30T12:03:45","slug":"aeronave-turco-hizo-un-aterrizaje-de-emergencia-en-casa-blanca-por-amenaza-de-bomba","status":"publish","type":"post","link":"https:\/\/diariodominicano.com\/?p=254858","title":{"rendered":"Aeronave turco hizo un aterrizaje de emergencia en Casa Blanca por amenaza de bomba"},"content":{"rendered":"<p><body><\/p>\n<p>Estambul 30 marzo.- iUn avi\u00f3n de Turkish Airlines que cubr\u00eda la ruta entre Estambul (Turqu\u00eda) y Sao Paulo (Brasil) aterriz\u00f3 hoy de emergencia en Casablanca (Marruecos) por temor a que hubiera una bomba a bordo, inform\u00f3 la cadena de televisi\u00f3n CNNT\u00fcrk.<\/p>\n<\/p>\n<p>La agencia de noticias Dogan precis\u00f3 que el avi\u00f3n, que parti\u00f3 a las 09.30 hora local (07.30 GMT) declar\u00f3 una emergencia por una supuesta amenaza de bomba y aterriz\u00f3 en la ciudad marroqu\u00ed de Casablanca sobre las 12.30 GMT.<\/p>\n<\/p>\n<p>Seg\u00fan los medios turcos, el Boeing 777 con 256 personas a bordo y n\u00famero de vuelo TK15 ser\u00e1 ahora registrado por las fuerzas de seguridad marroqu\u00edes.<\/p>\n<\/p>\n<p>Un responsable de Turkish Airlines explic\u00f3 a los medios turcos que el desvi\u00f3 de la nave se decidi\u00f3 despu\u00e9s de que la tripulaci\u00f3n hallase un papel en uno de los servicios en el que estaba escrita la palabra \u00abbomba\u00bb.<\/p>\n<\/p>\n<p>Seg\u00fan ese portavoz, es un procedimiento habitual realizar un aterrizaje de emergencia en esas circunstancias, para reducir cualquier riesgo.<\/p>\n<h6> 2015-03-30 12:03:45 <\/h6>\n<p><!--\n<link rel=\"stylesheet\" href=\"css\/bootstrap.min.css\">\n\n\n<ul class=\"pagination\">\n\t    \n\t\n\n<li >\n\t<a href='?page_no=24502'>Previous<\/a>\n\t<\/li>\n\n\n       \n    \n\n<li><a href='?page_no=1'>1<\/a><\/li>\n\n\n\n<li><a href='?page_no=2'>2<\/a><\/li>\n\n\n\n<li><a>...<\/a><\/li>\n\n\n\n<li><a href='?page_no=24501'>24501<\/a><\/li>\n\n\n\n<li><a href='?page_no=24502'>24502<\/a><\/li>\n\n\n\n<li class='active'><a>24503<\/a><\/li>\n\n\n\n<li><a href='?page_no=24504'>24504<\/a><\/li>\n\n\n\n<li><a href='?page_no=24505'>24505<\/a><\/li>\n\n\n\n<li><a>...<\/a><\/li>\n\n\n\n<li><a href='?page_no=51012'>51012<\/a><\/li>\n\n\n\n<li><a href='?page_no=51013'>51013<\/a><\/li>\n\n    \n\t\n\n<li >\n\t<a href='?page_no=24504'>Next<\/a>\n\t<\/li>\n\n\n    \n\n<li><a href='?page_no=51013'>Last &rsaquo;&rsaquo;<\/a><\/li>\n\n<\/ul>\n\n\n--><br \/>\n<\/body><\/p>\n","protected":false},"excerpt":{"rendered":"<p>Estambul 30 marzo.- iUn avi\u00f3n de Turkish Airlines que cubr\u00eda la ruta entre Estambul (Turqu\u00eda) y Sao Paulo (Brasil) aterriz\u00f3 hoy de emergencia en Casablanca (Marruecos) por temor a que hubiera una bomba a bordo, inform\u00f3 la cadena de televisi\u00f3n CNNT\u00fcrk. La agencia de noticias Dogan precis\u00f3 que el avi\u00f3n, que parti\u00f3 a las 09.30 [&hellip;]<\/p>\n","protected":false},"author":3,"featured_media":0,"comment_status":"open","ping_status":"open","sticky":false,"template":"","format":"standard","meta":{"footnotes":""},"categories":[23],"tags":[],"class_list":["post-254858","post","type-post","status-publish","format-standard","hentry","category-internacional"],"_links":{"self":[{"href":"https:\/\/diariodominicano.com\/index.php?rest_route=\/wp\/v2\/posts\/254858","targetHints":{"allow":["GET"]}}],"collection":[{"href":"https:\/\/diariodominicano.com\/index.php?rest_route=\/wp\/v2\/posts"}],"about":[{"href":"https:\/\/diariodominicano.com\/index.php?rest_route=\/wp\/v2\/types\/post"}],"author":[{"embeddable":true,"href":"https:\/\/diariodominicano.com\/index.php?rest_route=\/wp\/v2\/users\/3"}],"replies":[{"embeddable":true,"href":"https:\/\/diariodominicano.com\/index.php?rest_route=%2Fwp%2Fv2%2Fcomments&post=254858"}],"version-history":[{"count":0,"href":"https:\/\/diariodominicano.com\/index.php?rest_route=\/wp\/v2\/posts\/254858\/revisions"}],"wp:attachment":[{"href":"https:\/\/diariodominicano.com\/index.php?rest_route=%2Fwp%2Fv2%2Fmedia&parent=254858"}],"wp:term":[{"taxonomy":"category","embeddable":true,"href":"https:\/\/diariodominicano.com\/index.php?rest_route=%2Fwp%2Fv2%2Fcategories&post=254858"},{"taxonomy":"post_tag","embeddable":true,"href":"https:\/\/diariodominicano.com\/index.php?rest_route=%2Fwp%2Fv2%2Ftags&post=254858"}],"curies":[{"name":"wp","href":"https:\/\/api.w.org\/{rel}","templated":true}]}}