{"id":254857,"date":"2015-03-30T13:47:02","date_gmt":"2015-03-30T13:47:02","guid":{"rendered":"http:\/\/diariodominicano.ddns.net\/?p=254857"},"modified":"2015-03-30T13:47:02","modified_gmt":"2015-03-30T13:47:02","slug":"bachelet-califica-de-cobarde-asesinato-de-carabinero-en-chile","status":"publish","type":"post","link":"https:\/\/diariodominicano.com\/?p=254857","title":{"rendered":"&#13;&#13;&#13;&#13;Bachelet califica de cobarde asesinato de carabinero en Chile\t\t&#13;"},"content":{"rendered":"<p><body><\/p>\n<p><img decoding=\"async\" src=\"img3\/michelbachelet.jpg\" \/>  <\/p>\n<\/p>\n<p><span class=\"text1noticias\">Santiago de Chile, 30 mar (PL) La presidenta chilena, Michelle Bachelet, calific\u00f3 hoy como un hecho cobarde el asesinato de un miembro de la polic\u00eda de carabineros, quien recibi\u00f3 un disparo durante el D\u00eda del Joven Combatiente.<\/span><\/p>\n<\/p>\n<p><span class=\"text1noticias\">Quiero condenar duramente este asesinato. Nos parece un hecho cobarde, que repudiamos y perseguiremos con todo el rigor de la ley, apunt\u00f3 la mandataria quien envi\u00f3 sus condolencias a la familia del cabo segundo Alejandro G\u00e1lvez G\u00e1lvez, de 30 a\u00f1os.<\/span><\/p>\n<\/p>\n<p><span class=\"text1noticias\">El polic\u00eda muri\u00f3 la v\u00edspera en la comuna de Pedro Aguirre Cerda, en la zona sur de esta capital, tras un ataque de desconocidos a la patrulla que conduc\u00eda.<\/span><\/p>\n<\/p>\n<p><span class=\"text1noticias\">\u00abConocemos la labor sacrificada y de entrega que hace Carabineros. Lo hemos visto en estos momentos duros y dif\u00edciles en el norte del pa\u00eds, agreg\u00f3 la mandataria al referirse a la acci\u00f3n desplegada por ese cuerpo uniformado durante las labores de recuperaci\u00f3n por las fuertes lluvias e inundaciones que azotaron a esa zona.<\/span><\/p>\n<\/p>\n<p><span class=\"text1noticias\">Por su parte el vocero de Gobierno, Alvaro Elizalde, calific\u00f3 el hecho de inaceptable y subray\u00f3 que los autores del asesinato \u00abarriesgan las m\u00e1ximas penas que establece nuestra legislaci\u00f3n, y esperamos el mejor trabajo de investigaci\u00f3n\u00bb.<\/span><\/p>\n<\/p>\n<p><span class=\"text1noticias\">El auto policial en el que viajaba G\u00e1lvez recibi\u00f3 unos cinco disparos en su parabrisas con un arma de alto calibre, uno de los cuales impact\u00f3 en su cuello, seg\u00fan reportes de prensa.<\/span><\/p>\n<\/p>\n<p><span class=\"text1noticias\">Otros dos polic\u00edas resultaron lesionados en la Villa Francia, en la comuna de Estaci\u00f3n Central.<\/span><\/p>\n<h6> 2015-03-30 13:47:02 <\/h6>\n<p><!--\n<link rel=\"stylesheet\" href=\"css\/bootstrap.min.css\">\n\n\n<ul class=\"pagination\">\n\t    \n\t\n\n<li >\n\t<a href='?page_no=24501'>Previous<\/a>\n\t<\/li>\n\n\n       \n    \n\n<li><a href='?page_no=1'>1<\/a><\/li>\n\n\n\n<li><a href='?page_no=2'>2<\/a><\/li>\n\n\n\n<li><a>...<\/a><\/li>\n\n\n\n<li><a href='?page_no=24500'>24500<\/a><\/li>\n\n\n\n<li><a href='?page_no=24501'>24501<\/a><\/li>\n\n\n\n<li class='active'><a>24502<\/a><\/li>\n\n\n\n<li><a href='?page_no=24503'>24503<\/a><\/li>\n\n\n\n<li><a href='?page_no=24504'>24504<\/a><\/li>\n\n\n\n<li><a>...<\/a><\/li>\n\n\n\n<li><a href='?page_no=51012'>51012<\/a><\/li>\n\n\n\n<li><a href='?page_no=51013'>51013<\/a><\/li>\n\n    \n\t\n\n<li >\n\t<a href='?page_no=24503'>Next<\/a>\n\t<\/li>\n\n\n    \n\n<li><a href='?page_no=51013'>Last &rsaquo;&rsaquo;<\/a><\/li>\n\n<\/ul>\n\n\n--><br \/>\n<\/body><\/p>\n","protected":false},"excerpt":{"rendered":"<p>Santiago de Chile, 30 mar (PL) La presidenta chilena, Michelle Bachelet, calific\u00f3 hoy como un hecho cobarde el asesinato de un miembro de la polic\u00eda de carabineros, quien recibi\u00f3 un disparo durante el D\u00eda del Joven Combatiente. Quiero condenar duramente este asesinato. Nos parece un hecho cobarde, que repudiamos y perseguiremos con todo el rigor [&hellip;]<\/p>\n","protected":false},"author":3,"featured_media":0,"comment_status":"open","ping_status":"open","sticky":false,"template":"","format":"standard","meta":{"footnotes":""},"categories":[23],"tags":[],"class_list":["post-254857","post","type-post","status-publish","format-standard","hentry","category-internacional"],"_links":{"self":[{"href":"https:\/\/diariodominicano.com\/index.php?rest_route=\/wp\/v2\/posts\/254857","targetHints":{"allow":["GET"]}}],"collection":[{"href":"https:\/\/diariodominicano.com\/index.php?rest_route=\/wp\/v2\/posts"}],"about":[{"href":"https:\/\/diariodominicano.com\/index.php?rest_route=\/wp\/v2\/types\/post"}],"author":[{"embeddable":true,"href":"https:\/\/diariodominicano.com\/index.php?rest_route=\/wp\/v2\/users\/3"}],"replies":[{"embeddable":true,"href":"https:\/\/diariodominicano.com\/index.php?rest_route=%2Fwp%2Fv2%2Fcomments&post=254857"}],"version-history":[{"count":0,"href":"https:\/\/diariodominicano.com\/index.php?rest_route=\/wp\/v2\/posts\/254857\/revisions"}],"wp:attachment":[{"href":"https:\/\/diariodominicano.com\/index.php?rest_route=%2Fwp%2Fv2%2Fmedia&parent=254857"}],"wp:term":[{"taxonomy":"category","embeddable":true,"href":"https:\/\/diariodominicano.com\/index.php?rest_route=%2Fwp%2Fv2%2Fcategories&post=254857"},{"taxonomy":"post_tag","embeddable":true,"href":"https:\/\/diariodominicano.com\/index.php?rest_route=%2Fwp%2Fv2%2Ftags&post=254857"}],"curies":[{"name":"wp","href":"https:\/\/api.w.org\/{rel}","templated":true}]}}